{"id":48155,"date":"2026-02-24T19:11:26","date_gmt":"2026-02-24T18:11:26","guid":{"rendered":"https:\/\/neocatechumenaleiter.org\/das-symphonische-werk-von-kiko-argueello-vereint-mehr-als-1500-menschen-in-der-primada-kathedrale\/"},"modified":"2026-03-20T23:00:52","modified_gmt":"2026-03-20T22:00:52","slug":"das-symphonische-werk-von-kiko-argueello-vereint-mehr-als-1500-menschen-in-der-primada-kathedrale","status":"publish","type":"post","link":"https:\/\/neocatechumenaleiter.org\/de\/das-symphonische-werk-von-kiko-argueello-vereint-mehr-als-1500-menschen-in-der-primada-kathedrale\/","title":{"rendered":"Das Symphonische Werk von Kiko Arg\u00fcello vereint mehr als 1500 Menschen in der Primada-Kathedrale"},"content":{"rendered":"\n<div style=\"height:30px\" aria-hidden=\"true\" class=\"wp-block-spacer\"><\/div>\n\n<hr class=\"wp-block-separator aligncenter has-alpha-channel-opacity is-style-wide\"\/>\n\n<div style=\"height:30px\" aria-hidden=\"true\" class=\"wp-block-spacer\"><\/div>\n\n<div align=\"center\"><iframe loading=\"lazy\" width=\"560\" height=\"315\" src=\"https:\/\/www.youtube.com\/embed\/3uRTWSYx3Q0?si=5NrYbOyTLFxm4_xG\" title=\"YouTube video player\" frameborder=\"0\" allow=\"accelerometer; autoplay; clipboard-write; encrypted-media; gyroscope; picture-in-picture; web-share\" referrerpolicy=\"strict-origin-when-cross-origin\" allowfullscreen=\"\"><\/iframe><\/div>\r\n\n<div style=\"height:30px\" aria-hidden=\"true\" class=\"wp-block-spacer\"><\/div>\n\n<hr class=\"wp-block-separator aligncenter has-alpha-channel-opacity is-style-wide\"\/>\n\n<div style=\"height:30px\" aria-hidden=\"true\" class=\"wp-block-spacer\"><\/div>\n<div class=\"wp-block-image\">\n<figure class=\"aligncenter size-full\"><a href=\"https:\/\/www.architoledo.org\/noticias\/la-obra-sinfonica-de-kiko-arguello-reune-a-mas-de-1500-personas-en-la-catedral-primada\/\"><img loading=\"lazy\" decoding=\"async\" width=\"245\" height=\"92\" src=\"https:\/\/neocatechumenaleiter.org\/wp-content\/uploads\/2026\/02\/camino-neocatecumenal-concierto-obra-sinfonica-catedral-toledo-espana-arquidiocesis-todelo-logo.jpg\" alt=\"Neokatechumenaler Weg Konzert in der Kathedrale von Toledo 22.02.2026\" class=\"wp-image-47157\"\/><\/a><\/figure><\/div>\n<div style=\"height:30px\" aria-hidden=\"true\" class=\"wp-block-spacer\"><\/div>\n\n<h6 class=\"wp-block-heading has-text-align-center\"><a href=\"https:\/\/www.architoledo.org\/noticias\/la-obra-sinfonica-de-kiko-arguello-reune-a-mas-de-1500-personas-en-la-catedral-primada\/\">Mit Genehmigung der Erzdi\u00f6zese Toledo k\u00f6nnen Sie den Originalbeitrag unter folgendem Link lesen:<\/a><\/h6>\n\n<div style=\"height:30px\" aria-hidden=\"true\" class=\"wp-block-spacer\"><\/div>\n\n<div class=\"wp-block-buttons is-content-justification-center is-layout-flex wp-container-core-buttons-is-layout-16018d1d wp-block-buttons-is-layout-flex\">\n<div class=\"wp-block-button is-style-outline is-style-outline--1\"><a class=\"wp-block-button__link has-text-align-center wp-element-button\" href=\"https:\/\/www.architoledo.org\/noticias\/la-obra-sinfonica-de-kiko-arguello-reune-a-mas-de-1500-personas-en-la-catedral-primada\/\">Erzbistum Toledo \u2013 Nachrichten<\/a><\/div>\n<\/div>\n\n<div style=\"height:60px\" aria-hidden=\"true\" class=\"wp-block-spacer\"><\/div>\n<div class=\"wp-block-image\">\n<figure data-wp-context=\"{&quot;imageId&quot;:&quot;69f3de9607405&quot;}\" data-wp-interactive=\"core\/image\" data-wp-key=\"69f3de9607405\" class=\"aligncenter size-large wp-lightbox-container\"><img loading=\"lazy\" decoding=\"async\" width=\"1024\" height=\"683\" data-wp-class--hide=\"state.isContentHidden\" data-wp-class--show=\"state.isContentVisible\" data-wp-init=\"callbacks.setButtonStyles\" data-wp-on--click=\"actions.showLightbox\" data-wp-on--load=\"callbacks.setButtonStyles\" data-wp-on-window--resize=\"callbacks.setButtonStyles\" src=\"https:\/\/neocatechumenaleiter.org\/wp-content\/uploads\/2026\/02\/camino-neocatecumenal-concierto-obra-sinfonica-catedral-toledo-espana-08-1024x683.jpeg\" alt=\"\" class=\"wp-image-47445\" srcset=\"https:\/\/neocatechumenaleiter.org\/wp-content\/uploads\/2026\/02\/camino-neocatecumenal-concierto-obra-sinfonica-catedral-toledo-espana-08-1024x683.jpeg 1024w, https:\/\/neocatechumenaleiter.org\/wp-content\/uploads\/2026\/02\/camino-neocatecumenal-concierto-obra-sinfonica-catedral-toledo-espana-08-300x200.jpeg 300w, https:\/\/neocatechumenaleiter.org\/wp-content\/uploads\/2026\/02\/camino-neocatecumenal-concierto-obra-sinfonica-catedral-toledo-espana-08-768x512.jpeg 768w, https:\/\/neocatechumenaleiter.org\/wp-content\/uploads\/2026\/02\/camino-neocatecumenal-concierto-obra-sinfonica-catedral-toledo-espana-08-1536x1024.jpeg 1536w, https:\/\/neocatechumenaleiter.org\/wp-content\/uploads\/2026\/02\/camino-neocatecumenal-concierto-obra-sinfonica-catedral-toledo-espana-08.jpeg 2048w\" sizes=\"auto, (max-width: 1024px) 100vw, 1024px\" \/><button\n\t\t\tclass=\"lightbox-trigger\"\n\t\t\ttype=\"button\"\n\t\t\taria-haspopup=\"dialog\"\n\t\t\taria-label=\"Vergr\u00f6\u00dfern\"\n\t\t\tdata-wp-init=\"callbacks.initTriggerButton\"\n\t\t\tdata-wp-on--click=\"actions.showLightbox\"\n\t\t\tdata-wp-style--right=\"state.imageButtonRight\"\n\t\t\tdata-wp-style--top=\"state.imageButtonTop\"\n\t\t>\n\t\t\t<svg xmlns=\"http:\/\/www.w3.org\/2000\/svg\" width=\"12\" height=\"12\" fill=\"none\" viewBox=\"0 0 12 12\">\n\t\t\t\t<path fill=\"#fff\" d=\"M2 0a2 2 0 0 0-2 2v2h1.5V2a.5.5 0 0 1 .5-.5h2V0H2Zm2 10.5H2a.5.5 0 0 1-.5-.5V8H0v2a2 2 0 0 0 2 2h2v-1.5ZM8 12v-1.5h2a.5.5 0 0 0 .5-.5V8H12v2a2 2 0 0 1-2 2H8Zm2-12a2 2 0 0 1 2 2v2h-1.5V2a.5.5 0 0 0-.5-.5H8V0h2Z\" \/>\n\t\t\t<\/svg>\n\t\t<\/button><\/figure><\/div>\n<div style=\"height:30px\" aria-hidden=\"true\" class=\"wp-block-spacer\"><\/div>\n\n<p>Die <a href=\"http:\/\/www.catedralprimada.es\/\" target=\"_blank\" rel=\"noreferrer noopener\"><strong>Primada-Kathedrale<\/strong> <\/a>von Toledo war am Sonntag, dem 22. Februar, Schauplatz der Pr\u00e4sentation des <strong>Symphoniewerkes<\/strong> von Kiko Arg\u00fcello im Rahmen der Gedenkfeierlichkeiten zum <a href=\"&#x201E;https:\/\/www.architoledo.org\/noticias\/kiko-arguello-presenta-su-obra-sinfonica-este-22-de-febrero-en-la-catedral-primada\/&#x201D;\" target=\"_blank\" rel=\"noreferrer noopener\"><strong>800. Jahrestag<\/strong><\/a> der Grundsteinlegung der heutigen gotischen Kathedrale.<\/p>\n\n<p>Das Konzert, das als eines der kulturellen Highlights dieses f\u00fcr die Kirche von Toledo historischen Jahres angek\u00fcndigt wurde, stie\u00df auf gro\u00dfe Resonanz beim Publikum. Mehr als 1500 Menschen nahmen daran teil, darunter alle Neokatechumenalen Gemeinschaften der Erzdi\u00f6zese Toledo: mehr als 500 Mitglieder aus den Pfarreien Oca\u00f1a, Santa Cruz de Retamar, Illescas, Talavera de la Reina, Villanueva de Alcardete, Menasalbas und aus der Stadt Toledo, verteilt auf die Pfarreien Santiago el Mayor und Santa Teresa. Das Konzert konnte auch \u00fcber Radio-Televisi\u00f3n Diocesana verfolgt werden.<\/p>\n\n<p>Das internationale Team des Neokatechumenalen Weges, bestehend aus Kiko Arg\u00fcello, Ascensi\u00f3n Romero und dem Priester Mario Pezzi, wurde mit tosendem Applaus empfangen, als es die Kathedrale von Toledo betrat, wo es die Gem\u00e4lde von El Greco in der Sakristei der Kathedrale bewundern konnte, die von der Di\u00f6zesanbeauftragten f\u00fcr Glauben und Kultur, Pilar Gordillo, erl\u00e4utert wurden.<\/p>\n\n<p>Die Fotoreportage, mit freundlicher Genehmigung von Daniel Mayoral, kann unter <a href=\"https:\/\/www.amazon.es\/photos\/share\/FZ0n7NqEOsxGaMuouqbWCGdntCLZjeNemZucwJe3ykS?pageIn\" target=\"_blank\" rel=\"noreferrer noopener\"><strong>diesem Link<\/strong><\/a> angesehen werden.<\/p>\n\n<div style=\"height:30px\" aria-hidden=\"true\" class=\"wp-block-spacer\"><\/div>\n\n<h5 class=\"wp-block-heading\"><strong>Besondere Erw\u00e4hnung der M\u00e4rtyrer aus Toledo im 20. Jahrhundert<\/strong><\/h5>\n\n<div style=\"height:30px\" aria-hidden=\"true\" class=\"wp-block-spacer\"><\/div>\n\n<p>Die Veranstaltung begann mit einer Begr\u00fc\u00dfung durch den Dekan der Kathedrale, Juan Pedro S\u00e1nchez Gamero. Anschlie\u00dfend sprach der Erzbischof von Toledo, Mons. Francisco Cerro Chaves, ein Gebet, das den Anwesenden half, ihr Geh\u00f6r nicht nur auf die Sch\u00f6nheit der Musik einzustimmen, sondern auch in ihr Innerstes vorzudringen. Arg\u00fcello selbst moderierte das Konzert und erkl\u00e4rte die tief katechetische und geistige Bedeutung jedes einzelnen Satzes der Symphonien.<\/p>\n\n<p>Das symphonische Werk, bestehend aus <strong><em>El Sufrimiento de los Inocentes<\/em> <\/strong> (Das Leiden der Unschuldigen) und <strong><em>El Mes\u00edas<\/em><\/strong> (Der Messias), ist eine tiefgr\u00fcndige musikalische Meditation \u00fcber das Geheimnis der Passion Christi und die Hoffnung auf die Auferstehung. Das erste Werk reflektiert \u00fcber das Leiden Christi und das Leiden der Jungfrau Maria; das zweite, ein symphonisches Gedicht f\u00fcr Klavier, Chor und Orchester, das in drei S\u00e4tze unterteilt ist \u2013 Aquedah (Aked\u00e1), Hijas de Jerusal\u00e9n (T\u00f6chter von Jerusalem) und El Mes\u00edas, Le\u00f3n para vencer (Der Messias &#8211; L\u00f6we, um zu siegen)\u2013, ist den christlichen M\u00e4rtyrern gewidmet. Arg\u00fcello erw\u00e4hnte insbesondere die M\u00e4rtyrer der religi\u00f6sen Verfolgung der 1930er Jahre in Toledo, darunter fast die H\u00e4lfte des Klerus, und die Bedeutung ihrer Haltung der Vergebung im Angesicht des Todes, die gro\u00dfe Fr\u00fcchte der Heiligkeit hervorbrachte.<\/p>\n\n<p>Die musikalische Leitung \u00fcbernahm der international renommierte Maestro Tom\u00e1\u0161 Hanus, der regelm\u00e4\u00dfig in Theatern wie der Bayerischen Staatsoper, der Op\u00e9ra National de Paris, dem Teatro Real in Madrid oder der Mail\u00e4nder Scala auftritt und dessen meisterhafte Darbietung bei den Anwesenden f\u00fcr tosenden Applaus sorgte. Der Pianist Claudio Carb\u00f3 und der Chorleiter Abraham S\u00e1nchez vervollst\u00e4ndigten das K\u00fcnstlerensemble.<\/p>\n\n<p>Die Darbietung wurde vom <strong><a href=\"http:\/\/oscnc.org\">Symphonieorchester und Chor des Neokatechumenalen Weges<\/a><\/strong> \u00fcbernommen, das aus etwa 180 Musikern verschiedener Nationalit\u00e4ten besteht, die ihr Talent kostenlos in den Dienst der Evangelisierung durch die Musik stellten. Die Darbietung zeichnete sich durch ihre k\u00fcnstlerische Qualit\u00e4t und Ausdruckskraft aus und versetzte das Publikum in eine Atmosph\u00e4re der Andacht und Kontemplation, w\u00e4hrend sie gleichzeitig die Intensit\u00e4t bis hin zu H\u00f6hepunkten musikalischer Apotheose steigerte.<\/p>\n","protected":false},"excerpt":{"rendered":"<p>Mit Genehmigung der Erzdi\u00f6zese Toledo k\u00f6nnen Sie den Originalbeitrag unter folgendem Link lesen: Die Primada-Kathedrale von Toledo war am Sonntag, dem 22. Februar, Schauplatz der Pr\u00e4sentation des Symphoniewerkes von Kiko Arg\u00fcello im Rahmen der Gedenkfeierlichkeiten zum 800. Jahrestag der Grundsteinlegung der heutigen gotischen Kathedrale. Das Konzert, das als eines der kulturellen Highlights dieses f\u00fcr die Kirche von Toledo historischen Jahres angek\u00fcndigt wurde, stie\u00df auf gro\u00dfe Resonanz beim Publikum. Mehr als<\/p>\n<div class=\"read-more\"><a class=\"btn read-more-btn\" href=\"https:\/\/neocatechumenaleiter.org\/de\/das-symphonische-werk-von-kiko-argueello-vereint-mehr-als-1500-menschen-in-der-primada-kathedrale\/\">Mehr lesen<\/a><\/div>\n","protected":false},"author":2,"featured_media":0,"comment_status":"closed","ping_status":"closed","sticky":false,"template":"","format":"standard","meta":{"footnotes":""},"categories":[1548,976,1271,1549,1716],"tags":[],"class_list":["post-48155","post","type-post","status-publish","format-standard","hentry","category-konzerte","category-nachrichten","category-nachrichten-de","category-symphonische-feier","category-videos"],"_links":{"self":[{"href":"https:\/\/neocatechumenaleiter.org\/de\/wp-json\/wp\/v2\/posts\/48155","targetHints":{"allow":["GET"]}}],"collection":[{"href":"https:\/\/neocatechumenaleiter.org\/de\/wp-json\/wp\/v2\/posts"}],"about":[{"href":"https:\/\/neocatechumenaleiter.org\/de\/wp-json\/wp\/v2\/types\/post"}],"author":[{"embeddable":true,"href":"https:\/\/neocatechumenaleiter.org\/de\/wp-json\/wp\/v2\/users\/2"}],"replies":[{"embeddable":true,"href":"https:\/\/neocatechumenaleiter.org\/de\/wp-json\/wp\/v2\/comments?post=48155"}],"version-history":[{"count":2,"href":"https:\/\/neocatechumenaleiter.org\/de\/wp-json\/wp\/v2\/posts\/48155\/revisions"}],"predecessor-version":[{"id":48360,"href":"https:\/\/neocatechumenaleiter.org\/de\/wp-json\/wp\/v2\/posts\/48155\/revisions\/48360"}],"wp:attachment":[{"href":"https:\/\/neocatechumenaleiter.org\/de\/wp-json\/wp\/v2\/media?parent=48155"}],"wp:term":[{"taxonomy":"category","embeddable":true,"href":"https:\/\/neocatechumenaleiter.org\/de\/wp-json\/wp\/v2\/categories?post=48155"},{"taxonomy":"post_tag","embeddable":true,"href":"https:\/\/neocatechumenaleiter.org\/de\/wp-json\/wp\/v2\/tags?post=48155"}],"curies":[{"name":"wp","href":"https:\/\/api.w.org\/{rel}","templated":true}]}}