{"id":51100,"date":"2026-06-24T12:15:06","date_gmt":"2026-06-24T11:15:06","guid":{"rendered":"https:\/\/neocatechumenaleiter.org\/popiezius-leonas-meiliai-sveikina-neokatechumenatinio-kelio-kunigus-baigiantis-audiencijai-sv-jono-krikstytojo-sventes-proga\/"},"modified":"2026-09-03T06:45:04","modified_gmt":"2026-09-03T05:45:04","slug":"popiezius-leonas-meiliai-sveikina-neokatechumenatinio-kelio-kunigus-baigiantis-audiencijai-sv-jono-krikstytojo-sventes-proga","status":"publish","type":"post","link":"https:\/\/neocatechumenaleiter.org\/lt\/popiezius-leonas-meiliai-sveikina-neokatechumenatinio-kelio-kunigus-baigiantis-audiencijai-sv-jono-krikstytojo-sventes-proga\/","title":{"rendered":"Popie\u017eius Leonas meiliai sveikina Neokatechumenatinio kelio kunigus, baigiantis audiencijai \u0160v. Jono Krik\u0161tytojo \u0161vent\u0117s proga."},"content":{"rendered":"\n<div style=\"height:30px\" aria-hidden=\"true\" class=\"wp-block-spacer\"><\/div>\n\n<div align=\"center\"><figure class=\"wp-block-embed aligncenter is-type-video is-provider-youtube wp-block-embed-youtube wp-embed-aspect-16-9 wp-has-aspect-ratio\"><div class=\"wp-block-embed__wrapper\">\r\n<iframe loading=\"lazy\" title=\"June 24 2026, General Audience - Pope Leo XIV\" width=\"640\" height=\"360\" src=\"https:\/\/www.youtube-nocookie.com\/embed\/RFgcgKQqQqU?start=3554&amp;feature=oembed\" frameborder=\"0\" allow=\"accelerometer; autoplay; clipboard-write; encrypted-media; gyroscope; picture-in-picture; web-share\" referrerpolicy=\"strict-origin-when-cross-origin\" allowfullscreen><\/iframe>\r\n<\/div><\/figure><\/div><br>\n\n<div style=\"height:60px\" aria-hidden=\"true\" class=\"wp-block-spacer\"><\/div>\n\n<hr class=\"wp-block-separator aligncenter has-alpha-channel-opacity is-style-wide\" \/>\n\n<div style=\"height:30px\" aria-hidden=\"true\" class=\"wp-block-spacer\"><\/div>\n\n<p class=\"wp-block-paragraph\">\u0160\u012fryt 800 Amerikos \u201eRedemptoris Mater\u201c seminarij\u0173 (\u0160iaur\u0117s, Centrin\u0117s ir Piet\u0173) kunig\u0173 kartu su savo \u0161ali\u0173 formatoriais ir keliaujan\u010diais katechetais dalyvavo Bendrojoje sal\u0117je kartu su popie\u017eiumi Leonu, gr\u012f\u017e\u0119 i\u0161 misijos Italijos parapijose, skelbdami Evangelij\u0105 be pinigini\u0173, pinig\u0173 ir mobili\u0173j\u0173 telefon\u0173.<\/p>\n\n<p class=\"wp-block-paragraph\">Popie\u017eiaus katechez\u0117je buvo komentuojama Vatikano II Susirinkimo apa\u0161tali\u0161koji konstitucija \u201eSacrosanctum Concilium\u201c apie liturgij\u0105 ir pakviesta krik\u0161\u010dionis pilnatvi\u0161kai patirti Eucharistij\u0105, tinkamai pasiruo\u0161us ir patyrus vis\u0105 Dievo \u017eod\u017eio turtingum\u0105, pasinaudojant po Susirinkimo parengtais skaitiniais. Audiencijos pabaigoje popie\u017eius kreip\u0117si \u012f kunigus \u0161iais \u017eod\u017eiais:<\/p>\n\n<div style=\"height:30px\" aria-hidden=\"true\" class=\"wp-block-spacer\"><\/div>\n\n<blockquote class=\"wp-block-quote is-layout-flow wp-block-quote-is-layout-flow\">\n<p class=\"wp-block-paragraph\">\u201eSu meile sveikinu Neokatechumenatinio kelio kunigus, atvykusius i\u0161 \u012fvairi\u0173 \u0161ali\u0173: linkiu, kad kasdien\u0117 Eucharistijos auka jus palaikyt\u0173 j\u016bs\u0173 tarnyst\u0117je Dievo tautai.\u201c<\/p>\n<\/blockquote>\n\n<h6 class=\"wp-block-heading has-text-align-right\">Popie\u017eius Leonas XIV<\/h6>\n\n<div style=\"height:30px\" aria-hidden=\"true\" class=\"wp-block-spacer\"><\/div>\n\n<p class=\"wp-block-paragraph\">\u017dod\u017eiai, kurie buvo palyd\u0117ti ilgais ir gausiais plojimais.<\/p>\n\n<div style=\"height:30px\" aria-hidden=\"true\" class=\"wp-block-spacer\"><\/div>\n\n<figure data-wp-context=\"{&quot;galleryId&quot;:&quot;6a9a7e9f312c0&quot;}\" data-wp-interactive=\"core\/gallery\" class=\"wp-block-gallery aligncenter has-nested-images columns-2 is-cropped wp-block-gallery-1 is-layout-flex wp-block-gallery-is-layout-flex\">\n<figure data-wp-context=\"{&quot;imageId&quot;:&quot;6a9a7e9f31b32&quot;}\" data-wp-interactive=\"core\/image\" data-wp-key=\"6a9a7e9f31b32\" class=\"wp-block-image size-large wp-lightbox-container\"><img loading=\"lazy\" decoding=\"async\" width=\"1024\" height=\"473\" data-wp-class--hide=\"state.isContentHidden\" data-wp-class--show=\"state.isContentVisible\" data-wp-init=\"callbacks.setButtonStyles\" data-wp-on--click=\"actions.showLightbox\" data-wp-on--load=\"callbacks.setButtonStyles\" data-wp-on--pointerdown=\"actions.preloadImage\" data-wp-on--pointerenter=\"actions.preloadImageWithDelay\" data-wp-on--pointerleave=\"actions.cancelPreload\" data-wp-on-window--resize=\"callbacks.setButtonStyles\" data-id=\"50412\" src=\"https:\/\/neocatechumenaleiter.org\/wp-content\/uploads\/2026\/06\/camino-neocatecumenal-plaza-san-pedro-2026-24jun-presbiteros-america-03-1024x473.jpg\" alt=\"Amerikos Neokatechumenatinio kelio kunigai bendrojoje audiencijoje su popie\u017eiumi Leonu XIV \u0160v. Petro aik\u0161t\u0117je 2026 m. bir\u017eelio 24 d.\" class=\"wp-image-50412\" srcset=\"https:\/\/neocatechumenaleiter.org\/wp-content\/uploads\/2026\/06\/camino-neocatecumenal-plaza-san-pedro-2026-24jun-presbiteros-america-03-1024x473.jpg 1024w, https:\/\/neocatechumenaleiter.org\/wp-content\/uploads\/2026\/06\/camino-neocatecumenal-plaza-san-pedro-2026-24jun-presbiteros-america-03-300x139.jpg 300w, https:\/\/neocatechumenaleiter.org\/wp-content\/uploads\/2026\/06\/camino-neocatecumenal-plaza-san-pedro-2026-24jun-presbiteros-america-03-768x355.jpg 768w, https:\/\/neocatechumenaleiter.org\/wp-content\/uploads\/2026\/06\/camino-neocatecumenal-plaza-san-pedro-2026-24jun-presbiteros-america-03-1536x710.jpg 1536w, https:\/\/neocatechumenaleiter.org\/wp-content\/uploads\/2026\/06\/camino-neocatecumenal-plaza-san-pedro-2026-24jun-presbiteros-america-03.jpg 2000w\" sizes=\"auto, (max-width: 1024px) 100vw, 1024px\" \/><button\n\t\t\tclass=\"lightbox-trigger\"\n\t\t\ttype=\"button\"\n\t\t\taria-haspopup=\"dialog\"\n\t\t\tdata-wp-bind--aria-label=\"state.thisImage.triggerButtonAriaLabel\"\n\t\t\tdata-wp-init=\"callbacks.initTriggerButton\"\n\t\t\tdata-wp-on--click=\"actions.showLightbox\"\n\t\t\tdata-wp-style--right=\"state.thisImage.buttonRight\"\n\t\t\tdata-wp-style--top=\"state.thisImage.buttonTop\"\n\t\t>\n\t\t\t<svg xmlns=\"http:\/\/www.w3.org\/2000\/svg\" width=\"12\" height=\"12\" fill=\"none\" viewBox=\"0 0 12 12\">\n\t\t\t\t<path fill=\"#fff\" d=\"M2 0a2 2 0 0 0-2 2v2h1.5V2a.5.5 0 0 1 .5-.5h2V0H2Zm2 10.5H2a.5.5 0 0 1-.5-.5V8H0v2a2 2 0 0 0 2 2h2v-1.5ZM8 12v-1.5h2a.5.5 0 0 0 .5-.5V8H12v2a2 2 0 0 1-2 2H8Zm2-12a2 2 0 0 1 2 2v2h-1.5V2a.5.5 0 0 0-.5-.5H8V0h2Z\" \/>\n\t\t\t<\/svg>\n\t\t<\/button><\/figure>\n\n\n\n<figure data-wp-context=\"{&quot;imageId&quot;:&quot;6a9a7e9f3225a&quot;}\" data-wp-interactive=\"core\/image\" data-wp-key=\"6a9a7e9f3225a\" class=\"wp-block-image size-large wp-lightbox-container\"><img loading=\"lazy\" decoding=\"async\" width=\"1024\" height=\"473\" data-wp-class--hide=\"state.isContentHidden\" data-wp-class--show=\"state.isContentVisible\" data-wp-init=\"callbacks.setButtonStyles\" data-wp-on--click=\"actions.showLightbox\" data-wp-on--load=\"callbacks.setButtonStyles\" data-wp-on--pointerdown=\"actions.preloadImage\" data-wp-on--pointerenter=\"actions.preloadImageWithDelay\" data-wp-on--pointerleave=\"actions.cancelPreload\" data-wp-on-window--resize=\"callbacks.setButtonStyles\" data-id=\"50414\" src=\"https:\/\/neocatechumenaleiter.org\/wp-content\/uploads\/2026\/06\/camino-neocatecumenal-plaza-san-pedro-2026-24jun-presbiteros-america-06-1024x473.jpg\" alt=\"Amerikos Neokatechumenatinio kelio kunigai bendrojoje audiencijoje su popie\u017eiumi Leonu XIV \u0160v. Petro aik\u0161t\u0117je 2026 m. bir\u017eelio 24 d.\" class=\"wp-image-50414\" srcset=\"https:\/\/neocatechumenaleiter.org\/wp-content\/uploads\/2026\/06\/camino-neocatecumenal-plaza-san-pedro-2026-24jun-presbiteros-america-06-1024x473.jpg 1024w, https:\/\/neocatechumenaleiter.org\/wp-content\/uploads\/2026\/06\/camino-neocatecumenal-plaza-san-pedro-2026-24jun-presbiteros-america-06-300x139.jpg 300w, https:\/\/neocatechumenaleiter.org\/wp-content\/uploads\/2026\/06\/camino-neocatecumenal-plaza-san-pedro-2026-24jun-presbiteros-america-06-768x355.jpg 768w, https:\/\/neocatechumenaleiter.org\/wp-content\/uploads\/2026\/06\/camino-neocatecumenal-plaza-san-pedro-2026-24jun-presbiteros-america-06-1536x710.jpg 1536w, https:\/\/neocatechumenaleiter.org\/wp-content\/uploads\/2026\/06\/camino-neocatecumenal-plaza-san-pedro-2026-24jun-presbiteros-america-06.jpg 2000w\" sizes=\"auto, (max-width: 1024px) 100vw, 1024px\" \/><button\n\t\t\tclass=\"lightbox-trigger\"\n\t\t\ttype=\"button\"\n\t\t\taria-haspopup=\"dialog\"\n\t\t\tdata-wp-bind--aria-label=\"state.thisImage.triggerButtonAriaLabel\"\n\t\t\tdata-wp-init=\"callbacks.initTriggerButton\"\n\t\t\tdata-wp-on--click=\"actions.showLightbox\"\n\t\t\tdata-wp-style--right=\"state.thisImage.buttonRight\"\n\t\t\tdata-wp-style--top=\"state.thisImage.buttonTop\"\n\t\t>\n\t\t\t<svg xmlns=\"http:\/\/www.w3.org\/2000\/svg\" width=\"12\" height=\"12\" fill=\"none\" viewBox=\"0 0 12 12\">\n\t\t\t\t<path fill=\"#fff\" d=\"M2 0a2 2 0 0 0-2 2v2h1.5V2a.5.5 0 0 1 .5-.5h2V0H2Zm2 10.5H2a.5.5 0 0 1-.5-.5V8H0v2a2 2 0 0 0 2 2h2v-1.5ZM8 12v-1.5h2a.5.5 0 0 0 .5-.5V8H12v2a2 2 0 0 1-2 2H8Zm2-12a2 2 0 0 1 2 2v2h-1.5V2a.5.5 0 0 0-.5-.5H8V0h2Z\" \/>\n\t\t\t<\/svg>\n\t\t<\/button><\/figure>\n\n\n\n<figure data-wp-context=\"{&quot;imageId&quot;:&quot;6a9a7e9f32891&quot;}\" data-wp-interactive=\"core\/image\" data-wp-key=\"6a9a7e9f32891\" class=\"wp-block-image size-large wp-lightbox-container\"><img loading=\"lazy\" decoding=\"async\" width=\"1024\" height=\"473\" data-wp-class--hide=\"state.isContentHidden\" data-wp-class--show=\"state.isContentVisible\" data-wp-init=\"callbacks.setButtonStyles\" data-wp-on--click=\"actions.showLightbox\" data-wp-on--load=\"callbacks.setButtonStyles\" data-wp-on--pointerdown=\"actions.preloadImage\" data-wp-on--pointerenter=\"actions.preloadImageWithDelay\" data-wp-on--pointerleave=\"actions.cancelPreload\" data-wp-on-window--resize=\"callbacks.setButtonStyles\" data-id=\"50413\" src=\"https:\/\/neocatechumenaleiter.org\/wp-content\/uploads\/2026\/06\/camino-neocatecumenal-plaza-san-pedro-2026-24jun-presbiteros-america-05-1024x473.jpg\" alt=\"Amerikos Neokatechumenatinio kelio kunigai bendrojoje audiencijoje su popie\u017eiumi Leonu XIV \u0160v. Petro aik\u0161t\u0117je 2026 m. bir\u017eelio 24 d.\" class=\"wp-image-50413\" srcset=\"https:\/\/neocatechumenaleiter.org\/wp-content\/uploads\/2026\/06\/camino-neocatecumenal-plaza-san-pedro-2026-24jun-presbiteros-america-05-1024x473.jpg 1024w, https:\/\/neocatechumenaleiter.org\/wp-content\/uploads\/2026\/06\/camino-neocatecumenal-plaza-san-pedro-2026-24jun-presbiteros-america-05-300x139.jpg 300w, https:\/\/neocatechumenaleiter.org\/wp-content\/uploads\/2026\/06\/camino-neocatecumenal-plaza-san-pedro-2026-24jun-presbiteros-america-05-768x355.jpg 768w, https:\/\/neocatechumenaleiter.org\/wp-content\/uploads\/2026\/06\/camino-neocatecumenal-plaza-san-pedro-2026-24jun-presbiteros-america-05-1536x710.jpg 1536w, https:\/\/neocatechumenaleiter.org\/wp-content\/uploads\/2026\/06\/camino-neocatecumenal-plaza-san-pedro-2026-24jun-presbiteros-america-05.jpg 2000w\" sizes=\"auto, (max-width: 1024px) 100vw, 1024px\" \/><button\n\t\t\tclass=\"lightbox-trigger\"\n\t\t\ttype=\"button\"\n\t\t\taria-haspopup=\"dialog\"\n\t\t\tdata-wp-bind--aria-label=\"state.thisImage.triggerButtonAriaLabel\"\n\t\t\tdata-wp-init=\"callbacks.initTriggerButton\"\n\t\t\tdata-wp-on--click=\"actions.showLightbox\"\n\t\t\tdata-wp-style--right=\"state.thisImage.buttonRight\"\n\t\t\tdata-wp-style--top=\"state.thisImage.buttonTop\"\n\t\t>\n\t\t\t<svg xmlns=\"http:\/\/www.w3.org\/2000\/svg\" width=\"12\" height=\"12\" fill=\"none\" viewBox=\"0 0 12 12\">\n\t\t\t\t<path fill=\"#fff\" d=\"M2 0a2 2 0 0 0-2 2v2h1.5V2a.5.5 0 0 1 .5-.5h2V0H2Zm2 10.5H2a.5.5 0 0 1-.5-.5V8H0v2a2 2 0 0 0 2 2h2v-1.5ZM8 12v-1.5h2a.5.5 0 0 0 .5-.5V8H12v2a2 2 0 0 1-2 2H8Zm2-12a2 2 0 0 1 2 2v2h-1.5V2a.5.5 0 0 0-.5-.5H8V0h2Z\" \/>\n\t\t\t<\/svg>\n\t\t<\/button><\/figure>\n<\/figure>\n\n<div style=\"height:30px\" aria-hidden=\"true\" class=\"wp-block-spacer\"><\/div>\n\n<p class=\"wp-block-paragraph\">Prie\u0161 i\u0161vykdami \u012f misij\u0105, kunigai Porto San D\u017eord\u017eo \u201eSusirinkimo palapin\u0117je\u201c susitiko su Kiko Arg\u00fcello, kuris paragino juos keliauti i\u0161 miesto \u012f miest\u0105 ir skelbti Krist\u0173:<\/p>\n\n<blockquote class=\"wp-block-quote is-layout-flow wp-block-quote-is-layout-flow\">\n<p class=\"wp-block-paragraph\">\u201eSkelbdami kerigm\u0105, j\u016bs skelbiate, kad Kristuje apreik\u0161ta dievi\u0161koji prigimtis yra ta, kad Dievas myli \u017emog\u0173 \u2013 net jei jis yra nedoras \u2013 ir nori b\u016bti jo dalimi. Jei tas \u017emogus tiki per dievi\u0161k\u0105 stebukl\u0105, Dievas gali jame gyventi! Dievas trok\u0161ta b\u016bti jame, bet Jis negali to padaryti be to \u017emogaus laisv\u0117s, ir vienintelis b\u016bdas yra Jo papra\u0161yti. \u0160tai kod\u0117l Jis nor\u0117jo i\u0161gelb\u0117ti pasaul\u012f per kerigmos pamokslavimo kvailum\u0105. N\u0117ra nieko didingesnio u\u017e Evangelijos skelbim\u0105, ir \u0161tai kod\u0117l mes kartu su \u0161v. Pauliumi sakome: \u201eVargas man, jei neskelb\u010diau Evangelijos!\u201c<\/p>\n<\/blockquote>\n\n<div style=\"height:30px\" aria-hidden=\"true\" class=\"wp-block-spacer\"><\/div>\n\n<p class=\"wp-block-paragraph\">Komentuodamas J\u0117zaus Kristaus \u017eod\u017eius, pasakytus jam siun\u010diant apa\u0161talus po du skelbti Dievo karalyst\u0117s: \u201eKas jus priima, tas mane priima\u201c, Kiko primin\u0117 kunigams Kelio prad\u017ei\u0105: \u201eTai Dievas daro darbus, tai Dievas nor\u0117jo, kad kas nors mus priimt\u0173, tai Dievas atved\u0117 Madrido arkivyskup\u0105 monsinjor\u0105 Casimiro Morcillo \u012f Barak\u0119, o paskui mus atved\u0117 \u012f parapijas. Tai Dievas paskatino kunig\u0105 Dino Torregian\u012f \u2013 Ba\u017eny\u010dios tarn\u0173 \u012fk\u016br\u0117j\u0105 \u2013 klausytis katechez\u0117s Aviloje, pakviesti mus atvykti ir pamokslauti Romoje.\u201c<\/p>\n\n<p class=\"wp-block-paragraph\">Susid\u016br\u0119s su daugelio kunig\u0173 nusivylimu d\u0117l tik\u0117jimo kriz\u0117s, beveik tu\u0161\u010di\u0173 parapij\u0173 ir pa\u0161aukim\u0173 tr\u016bkumo, Kiko jiems pasak\u0117: \u201eNor\u0117tume atne\u0161ti \u0161\u012f nauj\u0105 kv\u0117pavim\u0105, \u0161i\u0105 krik\u0161\u010dioni\u0161kosios iniciacijos charizm\u0105 visai Italijos Ba\u017eny\u010diai. \u0160ventosios Dvasios dovan\u0105 Ba\u017eny\u010diai, kuri jai pad\u0117t\u0173. Daugelis \u0161vent\u0173 kunig\u0173 \u0161iandien ken\u010dia nuo dekrik\u0161\u010dionizacijos, kuri\u0105 \u0161iuo metu patiriame.\u201c<\/p>\n\n<div style=\"height:30px\" aria-hidden=\"true\" class=\"wp-block-spacer\"><\/div>\n\n<figure data-wp-context=\"{&quot;galleryId&quot;:&quot;6a9a7e9f32e23&quot;}\" data-wp-interactive=\"core\/gallery\" class=\"wp-block-gallery aligncenter has-nested-images columns-2 is-cropped wp-block-gallery-2 is-layout-flex wp-block-gallery-is-layout-flex\">\n<figure data-wp-context=\"{&quot;imageId&quot;:&quot;6a9a7e9f33337&quot;}\" data-wp-interactive=\"core\/image\" data-wp-key=\"6a9a7e9f33337\" class=\"wp-block-image size-large wp-lightbox-container\"><img loading=\"lazy\" decoding=\"async\" width=\"1024\" height=\"473\" data-wp-class--hide=\"state.isContentHidden\" data-wp-class--show=\"state.isContentVisible\" data-wp-init=\"callbacks.setButtonStyles\" data-wp-on--click=\"actions.showLightbox\" data-wp-on--load=\"callbacks.setButtonStyles\" data-wp-on--pointerdown=\"actions.preloadImage\" data-wp-on--pointerenter=\"actions.preloadImageWithDelay\" data-wp-on--pointerleave=\"actions.cancelPreload\" data-wp-on-window--resize=\"callbacks.setButtonStyles\" data-id=\"50506\" src=\"https:\/\/neocatechumenaleiter.org\/wp-content\/uploads\/2026\/06\/camino-neocatecumenal-eucaristia-presbiteros-redemptoris-mater-america-basilica-san-pedro-roma-24.06.2026-14-1024x473.jpg\" alt=\"Amerikos Neokatechumenatinio kelio kunigai bendrojoje audiencijoje su popie\u017eiumi Leonu XIV \u0160v. Petro aik\u0161t\u0117je 2026 m. bir\u017eelio 24 d.\" class=\"wp-image-50506\" srcset=\"https:\/\/neocatechumenaleiter.org\/wp-content\/uploads\/2026\/06\/camino-neocatecumenal-eucaristia-presbiteros-redemptoris-mater-america-basilica-san-pedro-roma-24.06.2026-14-1024x473.jpg 1024w, https:\/\/neocatechumenaleiter.org\/wp-content\/uploads\/2026\/06\/camino-neocatecumenal-eucaristia-presbiteros-redemptoris-mater-america-basilica-san-pedro-roma-24.06.2026-14-300x139.jpg 300w, https:\/\/neocatechumenaleiter.org\/wp-content\/uploads\/2026\/06\/camino-neocatecumenal-eucaristia-presbiteros-redemptoris-mater-america-basilica-san-pedro-roma-24.06.2026-14-768x355.jpg 768w, https:\/\/neocatechumenaleiter.org\/wp-content\/uploads\/2026\/06\/camino-neocatecumenal-eucaristia-presbiteros-redemptoris-mater-america-basilica-san-pedro-roma-24.06.2026-14-1536x710.jpg 1536w, https:\/\/neocatechumenaleiter.org\/wp-content\/uploads\/2026\/06\/camino-neocatecumenal-eucaristia-presbiteros-redemptoris-mater-america-basilica-san-pedro-roma-24.06.2026-14.jpg 2000w\" sizes=\"auto, (max-width: 1024px) 100vw, 1024px\" \/><button\n\t\t\tclass=\"lightbox-trigger\"\n\t\t\ttype=\"button\"\n\t\t\taria-haspopup=\"dialog\"\n\t\t\tdata-wp-bind--aria-label=\"state.thisImage.triggerButtonAriaLabel\"\n\t\t\tdata-wp-init=\"callbacks.initTriggerButton\"\n\t\t\tdata-wp-on--click=\"actions.showLightbox\"\n\t\t\tdata-wp-style--right=\"state.thisImage.buttonRight\"\n\t\t\tdata-wp-style--top=\"state.thisImage.buttonTop\"\n\t\t>\n\t\t\t<svg xmlns=\"http:\/\/www.w3.org\/2000\/svg\" width=\"12\" height=\"12\" fill=\"none\" viewBox=\"0 0 12 12\">\n\t\t\t\t<path fill=\"#fff\" d=\"M2 0a2 2 0 0 0-2 2v2h1.5V2a.5.5 0 0 1 .5-.5h2V0H2Zm2 10.5H2a.5.5 0 0 1-.5-.5V8H0v2a2 2 0 0 0 2 2h2v-1.5ZM8 12v-1.5h2a.5.5 0 0 0 .5-.5V8H12v2a2 2 0 0 1-2 2H8Zm2-12a2 2 0 0 1 2 2v2h-1.5V2a.5.5 0 0 0-.5-.5H8V0h2Z\" \/>\n\t\t\t<\/svg>\n\t\t<\/button><\/figure>\n\n\n\n<figure data-wp-context=\"{&quot;imageId&quot;:&quot;6a9a7e9f33934&quot;}\" data-wp-interactive=\"core\/image\" data-wp-key=\"6a9a7e9f33934\" class=\"wp-block-image size-large wp-lightbox-container\"><img loading=\"lazy\" decoding=\"async\" width=\"1024\" height=\"473\" data-wp-class--hide=\"state.isContentHidden\" data-wp-class--show=\"state.isContentVisible\" data-wp-init=\"callbacks.setButtonStyles\" data-wp-on--click=\"actions.showLightbox\" data-wp-on--load=\"callbacks.setButtonStyles\" data-wp-on--pointerdown=\"actions.preloadImage\" data-wp-on--pointerenter=\"actions.preloadImageWithDelay\" data-wp-on--pointerleave=\"actions.cancelPreload\" data-wp-on-window--resize=\"callbacks.setButtonStyles\" data-id=\"50507\" src=\"https:\/\/neocatechumenaleiter.org\/wp-content\/uploads\/2026\/06\/camino-neocatecumenal-plaza-san-pedro-2026-24jun-presbiteros-america-15-1024x473.jpg\" alt=\"Amerikos Neokatechumenatinio kelio kunigai bendrojoje audiencijoje su popie\u017eiumi Leonu XIV \u0160v. Petro aik\u0161t\u0117je 2026 m. bir\u017eelio 24 d.\" class=\"wp-image-50507\" srcset=\"https:\/\/neocatechumenaleiter.org\/wp-content\/uploads\/2026\/06\/camino-neocatecumenal-plaza-san-pedro-2026-24jun-presbiteros-america-15-1024x473.jpg 1024w, https:\/\/neocatechumenaleiter.org\/wp-content\/uploads\/2026\/06\/camino-neocatecumenal-plaza-san-pedro-2026-24jun-presbiteros-america-15-300x139.jpg 300w, https:\/\/neocatechumenaleiter.org\/wp-content\/uploads\/2026\/06\/camino-neocatecumenal-plaza-san-pedro-2026-24jun-presbiteros-america-15-768x355.jpg 768w, https:\/\/neocatechumenaleiter.org\/wp-content\/uploads\/2026\/06\/camino-neocatecumenal-plaza-san-pedro-2026-24jun-presbiteros-america-15-1536x710.jpg 1536w, https:\/\/neocatechumenaleiter.org\/wp-content\/uploads\/2026\/06\/camino-neocatecumenal-plaza-san-pedro-2026-24jun-presbiteros-america-15.jpg 2000w\" sizes=\"auto, (max-width: 1024px) 100vw, 1024px\" \/><button\n\t\t\tclass=\"lightbox-trigger\"\n\t\t\ttype=\"button\"\n\t\t\taria-haspopup=\"dialog\"\n\t\t\tdata-wp-bind--aria-label=\"state.thisImage.triggerButtonAriaLabel\"\n\t\t\tdata-wp-init=\"callbacks.initTriggerButton\"\n\t\t\tdata-wp-on--click=\"actions.showLightbox\"\n\t\t\tdata-wp-style--right=\"state.thisImage.buttonRight\"\n\t\t\tdata-wp-style--top=\"state.thisImage.buttonTop\"\n\t\t>\n\t\t\t<svg xmlns=\"http:\/\/www.w3.org\/2000\/svg\" width=\"12\" height=\"12\" fill=\"none\" viewBox=\"0 0 12 12\">\n\t\t\t\t<path fill=\"#fff\" d=\"M2 0a2 2 0 0 0-2 2v2h1.5V2a.5.5 0 0 1 .5-.5h2V0H2Zm2 10.5H2a.5.5 0 0 1-.5-.5V8H0v2a2 2 0 0 0 2 2h2v-1.5ZM8 12v-1.5h2a.5.5 0 0 0 .5-.5V8H12v2a2 2 0 0 1-2 2H8Zm2-12a2 2 0 0 1 2 2v2h-1.5V2a.5.5 0 0 0-.5-.5H8V0h2Z\" \/>\n\t\t\t<\/svg>\n\t\t<\/button><\/figure>\n\n\n\n<figure data-wp-context=\"{&quot;imageId&quot;:&quot;6a9a7e9f33f1a&quot;}\" data-wp-interactive=\"core\/image\" data-wp-key=\"6a9a7e9f33f1a\" class=\"wp-block-image size-large wp-lightbox-container\"><img loading=\"lazy\" decoding=\"async\" width=\"1024\" height=\"473\" data-wp-class--hide=\"state.isContentHidden\" data-wp-class--show=\"state.isContentVisible\" data-wp-init=\"callbacks.setButtonStyles\" data-wp-on--click=\"actions.showLightbox\" data-wp-on--load=\"callbacks.setButtonStyles\" data-wp-on--pointerdown=\"actions.preloadImage\" data-wp-on--pointerenter=\"actions.preloadImageWithDelay\" data-wp-on--pointerleave=\"actions.cancelPreload\" data-wp-on-window--resize=\"callbacks.setButtonStyles\" data-id=\"50411\" src=\"https:\/\/neocatechumenaleiter.org\/wp-content\/uploads\/2026\/06\/camino-neocatecumenal-plaza-san-pedro-2026-24jun-presbiteros-america-01-1024x473.jpg\" alt=\"Amerikos Neokatechumenatinio kelio kunigai bendrojoje audiencijoje su popie\u017eiumi Leonu XIV \u0160v. Petro aik\u0161t\u0117je 2026 m. bir\u017eelio 24 d.\" class=\"wp-image-50411\" srcset=\"https:\/\/neocatechumenaleiter.org\/wp-content\/uploads\/2026\/06\/camino-neocatecumenal-plaza-san-pedro-2026-24jun-presbiteros-america-01-1024x473.jpg 1024w, https:\/\/neocatechumenaleiter.org\/wp-content\/uploads\/2026\/06\/camino-neocatecumenal-plaza-san-pedro-2026-24jun-presbiteros-america-01-300x139.jpg 300w, https:\/\/neocatechumenaleiter.org\/wp-content\/uploads\/2026\/06\/camino-neocatecumenal-plaza-san-pedro-2026-24jun-presbiteros-america-01-768x355.jpg 768w, https:\/\/neocatechumenaleiter.org\/wp-content\/uploads\/2026\/06\/camino-neocatecumenal-plaza-san-pedro-2026-24jun-presbiteros-america-01-1536x710.jpg 1536w, https:\/\/neocatechumenaleiter.org\/wp-content\/uploads\/2026\/06\/camino-neocatecumenal-plaza-san-pedro-2026-24jun-presbiteros-america-01.jpg 2000w\" sizes=\"auto, (max-width: 1024px) 100vw, 1024px\" \/><button\n\t\t\tclass=\"lightbox-trigger\"\n\t\t\ttype=\"button\"\n\t\t\taria-haspopup=\"dialog\"\n\t\t\tdata-wp-bind--aria-label=\"state.thisImage.triggerButtonAriaLabel\"\n\t\t\tdata-wp-init=\"callbacks.initTriggerButton\"\n\t\t\tdata-wp-on--click=\"actions.showLightbox\"\n\t\t\tdata-wp-style--right=\"state.thisImage.buttonRight\"\n\t\t\tdata-wp-style--top=\"state.thisImage.buttonTop\"\n\t\t>\n\t\t\t<svg xmlns=\"http:\/\/www.w3.org\/2000\/svg\" width=\"12\" height=\"12\" fill=\"none\" viewBox=\"0 0 12 12\">\n\t\t\t\t<path fill=\"#fff\" d=\"M2 0a2 2 0 0 0-2 2v2h1.5V2a.5.5 0 0 1 .5-.5h2V0H2Zm2 10.5H2a.5.5 0 0 1-.5-.5V8H0v2a2 2 0 0 0 2 2h2v-1.5ZM8 12v-1.5h2a.5.5 0 0 0 .5-.5V8H12v2a2 2 0 0 1-2 2H8Zm2-12a2 2 0 0 1 2 2v2h-1.5V2a.5.5 0 0 0-.5-.5H8V0h2Z\" \/>\n\t\t\t<\/svg>\n\t\t<\/button><\/figure>\n<\/figure>\n\n<div style=\"height:30px\" aria-hidden=\"true\" class=\"wp-block-spacer\"><\/div>\n\n<p class=\"wp-block-paragraph\">Nei pinigin\u0117s, nei pinig\u0173&#8230; Ir joki\u0173 mobili\u0173j\u0173 telefon\u0173. Tarsi \u0161ventasis Pranci\u0161kus Asy\u017eietis, \u0161ventasis Dominykas Guzmanas, \u0161ventasis Ignacas Lojola ir daugyb\u0117 \u0161vent\u0173j\u0173 b\u016bt\u0173 prisik\u0117l\u0119 ir v\u0117l vaik\u0161\u010dioj\u0119, skelbdami Evangelij\u0105. Vyskupai ir parapij\u0173 kunigai atvyko aplankyti kaip geranori\u0161kumo ir meil\u0117s Ba\u017eny\u010diai \u017eenkl\u0105.<\/p>\n\n<p class=\"wp-block-paragraph\">Kviesdamas juos eiti su Biblija ir ro\u017einiu, Kiko primin\u0117, kad \u201e\u0161ventasis Liudvikas Grinjonas de Monfortas prana\u0161avo, jog neseniai legionas evangelizuotoj\u0173 eis su dvia\u0161meniu kalaviju rankoje: Biblija kair\u0117je ir ro\u017einis de\u0161in\u0117je, ir jie keliaus Europos keliais. \u0160ventasis Liudvikas Grinjonas de Monfortas buvo keliautojas, kuris skelb\u0117 Evangelij\u0105 visoje Piet\u0173 Pranc\u016bzijoje, \u012fsimyl\u0117j\u0119s Mergel\u0119 Marij\u0105. J\u016bs taip pat leisit\u0117s \u012f kelion\u0119 su Biblija ir ro\u017einiu, evangelizuodami Italijoje.\u201c<\/p>\n\n<div style=\"height:30px\" aria-hidden=\"true\" class=\"wp-block-spacer\"><\/div>\n\n<figure data-wp-context=\"{&quot;galleryId&quot;:&quot;6a9a7e9f3439b&quot;}\" data-wp-interactive=\"core\/gallery\" class=\"wp-block-gallery aligncenter has-nested-images columns-2 is-cropped wp-block-gallery-3 is-layout-flex wp-block-gallery-is-layout-flex\">\n<figure data-wp-context=\"{&quot;imageId&quot;:&quot;6a9a7e9f34882&quot;}\" data-wp-interactive=\"core\/image\" data-wp-key=\"6a9a7e9f34882\" class=\"wp-block-image size-large wp-lightbox-container\"><img loading=\"lazy\" decoding=\"async\" width=\"1024\" height=\"473\" data-wp-class--hide=\"state.isContentHidden\" data-wp-class--show=\"state.isContentVisible\" data-wp-init=\"callbacks.setButtonStyles\" data-wp-on--click=\"actions.showLightbox\" data-wp-on--load=\"callbacks.setButtonStyles\" data-wp-on--pointerdown=\"actions.preloadImage\" data-wp-on--pointerenter=\"actions.preloadImageWithDelay\" data-wp-on--pointerleave=\"actions.cancelPreload\" data-wp-on-window--resize=\"callbacks.setButtonStyles\" data-id=\"50431\" src=\"https:\/\/neocatechumenaleiter.org\/wp-content\/uploads\/2026\/06\/camino-neocatecumenal-eucaristia-presbiteros-redemptoris-mater-america-basilica-san-pedro-roma-24.01-1024x473.jpg\" alt=\"\" class=\"wp-image-50431\" srcset=\"https:\/\/neocatechumenaleiter.org\/wp-content\/uploads\/2026\/06\/camino-neocatecumenal-eucaristia-presbiteros-redemptoris-mater-america-basilica-san-pedro-roma-24.01-1024x473.jpg 1024w, https:\/\/neocatechumenaleiter.org\/wp-content\/uploads\/2026\/06\/camino-neocatecumenal-eucaristia-presbiteros-redemptoris-mater-america-basilica-san-pedro-roma-24.01-300x139.jpg 300w, https:\/\/neocatechumenaleiter.org\/wp-content\/uploads\/2026\/06\/camino-neocatecumenal-eucaristia-presbiteros-redemptoris-mater-america-basilica-san-pedro-roma-24.01-768x355.jpg 768w, https:\/\/neocatechumenaleiter.org\/wp-content\/uploads\/2026\/06\/camino-neocatecumenal-eucaristia-presbiteros-redemptoris-mater-america-basilica-san-pedro-roma-24.01-1536x710.jpg 1536w, https:\/\/neocatechumenaleiter.org\/wp-content\/uploads\/2026\/06\/camino-neocatecumenal-eucaristia-presbiteros-redemptoris-mater-america-basilica-san-pedro-roma-24.01.jpg 2000w\" sizes=\"auto, (max-width: 1024px) 100vw, 1024px\" \/><button\n\t\t\tclass=\"lightbox-trigger\"\n\t\t\ttype=\"button\"\n\t\t\taria-haspopup=\"dialog\"\n\t\t\tdata-wp-bind--aria-label=\"state.thisImage.triggerButtonAriaLabel\"\n\t\t\tdata-wp-init=\"callbacks.initTriggerButton\"\n\t\t\tdata-wp-on--click=\"actions.showLightbox\"\n\t\t\tdata-wp-style--right=\"state.thisImage.buttonRight\"\n\t\t\tdata-wp-style--top=\"state.thisImage.buttonTop\"\n\t\t>\n\t\t\t<svg xmlns=\"http:\/\/www.w3.org\/2000\/svg\" width=\"12\" height=\"12\" fill=\"none\" viewBox=\"0 0 12 12\">\n\t\t\t\t<path fill=\"#fff\" d=\"M2 0a2 2 0 0 0-2 2v2h1.5V2a.5.5 0 0 1 .5-.5h2V0H2Zm2 10.5H2a.5.5 0 0 1-.5-.5V8H0v2a2 2 0 0 0 2 2h2v-1.5ZM8 12v-1.5h2a.5.5 0 0 0 .5-.5V8H12v2a2 2 0 0 1-2 2H8Zm2-12a2 2 0 0 1 2 2v2h-1.5V2a.5.5 0 0 0-.5-.5H8V0h2Z\" \/>\n\t\t\t<\/svg>\n\t\t<\/button><\/figure>\n\n\n\n<figure data-wp-context=\"{&quot;imageId&quot;:&quot;6a9a7e9f34e5f&quot;}\" data-wp-interactive=\"core\/image\" data-wp-key=\"6a9a7e9f34e5f\" class=\"wp-block-image size-large wp-lightbox-container\"><img loading=\"lazy\" decoding=\"async\" width=\"1024\" height=\"473\" data-wp-class--hide=\"state.isContentHidden\" data-wp-class--show=\"state.isContentVisible\" data-wp-init=\"callbacks.setButtonStyles\" data-wp-on--click=\"actions.showLightbox\" data-wp-on--load=\"callbacks.setButtonStyles\" data-wp-on--pointerdown=\"actions.preloadImage\" data-wp-on--pointerenter=\"actions.preloadImageWithDelay\" data-wp-on--pointerleave=\"actions.cancelPreload\" data-wp-on-window--resize=\"callbacks.setButtonStyles\" data-id=\"50436\" src=\"https:\/\/neocatechumenaleiter.org\/wp-content\/uploads\/2026\/06\/camino-neocatecumenal-eucaristia-presbiteros-redemptoris-mater-america-basilica-san-pedro-roma-24.06.26-13-1024x473.jpg\" alt=\"\" class=\"wp-image-50436\" srcset=\"https:\/\/neocatechumenaleiter.org\/wp-content\/uploads\/2026\/06\/camino-neocatecumenal-eucaristia-presbiteros-redemptoris-mater-america-basilica-san-pedro-roma-24.06.26-13-1024x473.jpg 1024w, https:\/\/neocatechumenaleiter.org\/wp-content\/uploads\/2026\/06\/camino-neocatecumenal-eucaristia-presbiteros-redemptoris-mater-america-basilica-san-pedro-roma-24.06.26-13-300x139.jpg 300w, https:\/\/neocatechumenaleiter.org\/wp-content\/uploads\/2026\/06\/camino-neocatecumenal-eucaristia-presbiteros-redemptoris-mater-america-basilica-san-pedro-roma-24.06.26-13-768x355.jpg 768w, https:\/\/neocatechumenaleiter.org\/wp-content\/uploads\/2026\/06\/camino-neocatecumenal-eucaristia-presbiteros-redemptoris-mater-america-basilica-san-pedro-roma-24.06.26-13-1536x710.jpg 1536w, https:\/\/neocatechumenaleiter.org\/wp-content\/uploads\/2026\/06\/camino-neocatecumenal-eucaristia-presbiteros-redemptoris-mater-america-basilica-san-pedro-roma-24.06.26-13.jpg 2000w\" sizes=\"auto, (max-width: 1024px) 100vw, 1024px\" \/><button\n\t\t\tclass=\"lightbox-trigger\"\n\t\t\ttype=\"button\"\n\t\t\taria-haspopup=\"dialog\"\n\t\t\tdata-wp-bind--aria-label=\"state.thisImage.triggerButtonAriaLabel\"\n\t\t\tdata-wp-init=\"callbacks.initTriggerButton\"\n\t\t\tdata-wp-on--click=\"actions.showLightbox\"\n\t\t\tdata-wp-style--right=\"state.thisImage.buttonRight\"\n\t\t\tdata-wp-style--top=\"state.thisImage.buttonTop\"\n\t\t>\n\t\t\t<svg xmlns=\"http:\/\/www.w3.org\/2000\/svg\" width=\"12\" height=\"12\" fill=\"none\" viewBox=\"0 0 12 12\">\n\t\t\t\t<path fill=\"#fff\" d=\"M2 0a2 2 0 0 0-2 2v2h1.5V2a.5.5 0 0 1 .5-.5h2V0H2Zm2 10.5H2a.5.5 0 0 1-.5-.5V8H0v2a2 2 0 0 0 2 2h2v-1.5ZM8 12v-1.5h2a.5.5 0 0 0 .5-.5V8H12v2a2 2 0 0 1-2 2H8Zm2-12a2 2 0 0 1 2 2v2h-1.5V2a.5.5 0 0 0-.5-.5H8V0h2Z\" \/>\n\t\t\t<\/svg>\n\t\t<\/button><\/figure>\n\n\n\n<figure data-wp-context=\"{&quot;imageId&quot;:&quot;6a9a7e9f3548c&quot;}\" data-wp-interactive=\"core\/image\" data-wp-key=\"6a9a7e9f3548c\" class=\"wp-block-image size-large wp-lightbox-container\"><img loading=\"lazy\" decoding=\"async\" width=\"1024\" height=\"473\" data-wp-class--hide=\"state.isContentHidden\" data-wp-class--show=\"state.isContentVisible\" data-wp-init=\"callbacks.setButtonStyles\" data-wp-on--click=\"actions.showLightbox\" data-wp-on--load=\"callbacks.setButtonStyles\" data-wp-on--pointerdown=\"actions.preloadImage\" data-wp-on--pointerenter=\"actions.preloadImageWithDelay\" data-wp-on--pointerleave=\"actions.cancelPreload\" data-wp-on-window--resize=\"callbacks.setButtonStyles\" data-id=\"50435\" src=\"https:\/\/neocatechumenaleiter.org\/wp-content\/uploads\/2026\/06\/camino-neocatecumenal-eucaristia-presbiteros-redemptoris-mater-america-basilica-san-pedro-roma-24.06-1024x473.jpg\" alt=\"\" class=\"wp-image-50435\" srcset=\"https:\/\/neocatechumenaleiter.org\/wp-content\/uploads\/2026\/06\/camino-neocatecumenal-eucaristia-presbiteros-redemptoris-mater-america-basilica-san-pedro-roma-24.06-1024x473.jpg 1024w, https:\/\/neocatechumenaleiter.org\/wp-content\/uploads\/2026\/06\/camino-neocatecumenal-eucaristia-presbiteros-redemptoris-mater-america-basilica-san-pedro-roma-24.06-300x139.jpg 300w, https:\/\/neocatechumenaleiter.org\/wp-content\/uploads\/2026\/06\/camino-neocatecumenal-eucaristia-presbiteros-redemptoris-mater-america-basilica-san-pedro-roma-24.06-768x355.jpg 768w, https:\/\/neocatechumenaleiter.org\/wp-content\/uploads\/2026\/06\/camino-neocatecumenal-eucaristia-presbiteros-redemptoris-mater-america-basilica-san-pedro-roma-24.06-1536x710.jpg 1536w, https:\/\/neocatechumenaleiter.org\/wp-content\/uploads\/2026\/06\/camino-neocatecumenal-eucaristia-presbiteros-redemptoris-mater-america-basilica-san-pedro-roma-24.06.jpg 2000w\" sizes=\"auto, (max-width: 1024px) 100vw, 1024px\" \/><button\n\t\t\tclass=\"lightbox-trigger\"\n\t\t\ttype=\"button\"\n\t\t\taria-haspopup=\"dialog\"\n\t\t\tdata-wp-bind--aria-label=\"state.thisImage.triggerButtonAriaLabel\"\n\t\t\tdata-wp-init=\"callbacks.initTriggerButton\"\n\t\t\tdata-wp-on--click=\"actions.showLightbox\"\n\t\t\tdata-wp-style--right=\"state.thisImage.buttonRight\"\n\t\t\tdata-wp-style--top=\"state.thisImage.buttonTop\"\n\t\t>\n\t\t\t<svg xmlns=\"http:\/\/www.w3.org\/2000\/svg\" width=\"12\" height=\"12\" fill=\"none\" viewBox=\"0 0 12 12\">\n\t\t\t\t<path fill=\"#fff\" d=\"M2 0a2 2 0 0 0-2 2v2h1.5V2a.5.5 0 0 1 .5-.5h2V0H2Zm2 10.5H2a.5.5 0 0 1-.5-.5V8H0v2a2 2 0 0 0 2 2h2v-1.5ZM8 12v-1.5h2a.5.5 0 0 0 .5-.5V8H12v2a2 2 0 0 1-2 2H8Zm2-12a2 2 0 0 1 2 2v2h-1.5V2a.5.5 0 0 0-.5-.5H8V0h2Z\" \/>\n\t\t\t<\/svg>\n\t\t<\/button><\/figure>\n<figcaption class=\"blocks-gallery-caption wp-element-caption\">Eucharistija \u0160v. Petro bazilikoje, Romoje<\/figcaption><\/figure>\n\n<figure data-wp-context=\"{&quot;galleryId&quot;:&quot;6a9a7e9f357e0&quot;}\" data-wp-interactive=\"core\/gallery\" class=\"wp-block-gallery aligncenter has-nested-images columns-2 is-cropped wp-block-gallery-4 is-layout-flex wp-block-gallery-is-layout-flex\">\n<figure data-wp-context=\"{&quot;imageId&quot;:&quot;6a9a7e9f35cb1&quot;}\" data-wp-interactive=\"core\/image\" data-wp-key=\"6a9a7e9f35cb1\" class=\"wp-block-image size-large wp-lightbox-container\"><img loading=\"lazy\" decoding=\"async\" width=\"1024\" height=\"473\" data-wp-class--hide=\"state.isContentHidden\" data-wp-class--show=\"state.isContentVisible\" data-wp-init=\"callbacks.setButtonStyles\" data-wp-on--click=\"actions.showLightbox\" data-wp-on--load=\"callbacks.setButtonStyles\" data-wp-on--pointerdown=\"actions.preloadImage\" data-wp-on--pointerenter=\"actions.preloadImageWithDelay\" data-wp-on--pointerleave=\"actions.cancelPreload\" data-wp-on-window--resize=\"callbacks.setButtonStyles\" data-id=\"50441\" src=\"https:\/\/neocatechumenaleiter.org\/wp-content\/uploads\/2026\/06\/camino-neocatecumenal-eucaristia-presbiteros-redemptoris-mater-america-basilica-san-pedro-roma-24.06.26-07-1024x473.jpg\" alt=\"\" class=\"wp-image-50441\" srcset=\"https:\/\/neocatechumenaleiter.org\/wp-content\/uploads\/2026\/06\/camino-neocatecumenal-eucaristia-presbiteros-redemptoris-mater-america-basilica-san-pedro-roma-24.06.26-07-1024x473.jpg 1024w, https:\/\/neocatechumenaleiter.org\/wp-content\/uploads\/2026\/06\/camino-neocatecumenal-eucaristia-presbiteros-redemptoris-mater-america-basilica-san-pedro-roma-24.06.26-07-300x139.jpg 300w, https:\/\/neocatechumenaleiter.org\/wp-content\/uploads\/2026\/06\/camino-neocatecumenal-eucaristia-presbiteros-redemptoris-mater-america-basilica-san-pedro-roma-24.06.26-07-768x355.jpg 768w, https:\/\/neocatechumenaleiter.org\/wp-content\/uploads\/2026\/06\/camino-neocatecumenal-eucaristia-presbiteros-redemptoris-mater-america-basilica-san-pedro-roma-24.06.26-07-1536x710.jpg 1536w, https:\/\/neocatechumenaleiter.org\/wp-content\/uploads\/2026\/06\/camino-neocatecumenal-eucaristia-presbiteros-redemptoris-mater-america-basilica-san-pedro-roma-24.06.26-07.jpg 2000w\" sizes=\"auto, (max-width: 1024px) 100vw, 1024px\" \/><button\n\t\t\tclass=\"lightbox-trigger\"\n\t\t\ttype=\"button\"\n\t\t\taria-haspopup=\"dialog\"\n\t\t\tdata-wp-bind--aria-label=\"state.thisImage.triggerButtonAriaLabel\"\n\t\t\tdata-wp-init=\"callbacks.initTriggerButton\"\n\t\t\tdata-wp-on--click=\"actions.showLightbox\"\n\t\t\tdata-wp-style--right=\"state.thisImage.buttonRight\"\n\t\t\tdata-wp-style--top=\"state.thisImage.buttonTop\"\n\t\t>\n\t\t\t<svg xmlns=\"http:\/\/www.w3.org\/2000\/svg\" width=\"12\" height=\"12\" fill=\"none\" viewBox=\"0 0 12 12\">\n\t\t\t\t<path fill=\"#fff\" d=\"M2 0a2 2 0 0 0-2 2v2h1.5V2a.5.5 0 0 1 .5-.5h2V0H2Zm2 10.5H2a.5.5 0 0 1-.5-.5V8H0v2a2 2 0 0 0 2 2h2v-1.5ZM8 12v-1.5h2a.5.5 0 0 0 .5-.5V8H12v2a2 2 0 0 1-2 2H8Zm2-12a2 2 0 0 1 2 2v2h-1.5V2a.5.5 0 0 0-.5-.5H8V0h2Z\" \/>\n\t\t\t<\/svg>\n\t\t<\/button><\/figure>\n\n\n\n<figure data-wp-context=\"{&quot;imageId&quot;:&quot;6a9a7e9f362c0&quot;}\" data-wp-interactive=\"core\/image\" data-wp-key=\"6a9a7e9f362c0\" class=\"wp-block-image size-large wp-lightbox-container\"><img loading=\"lazy\" decoding=\"async\" width=\"1024\" height=\"473\" data-wp-class--hide=\"state.isContentHidden\" data-wp-class--show=\"state.isContentVisible\" data-wp-init=\"callbacks.setButtonStyles\" data-wp-on--click=\"actions.showLightbox\" data-wp-on--load=\"callbacks.setButtonStyles\" data-wp-on--pointerdown=\"actions.preloadImage\" data-wp-on--pointerenter=\"actions.preloadImageWithDelay\" data-wp-on--pointerleave=\"actions.cancelPreload\" data-wp-on-window--resize=\"callbacks.setButtonStyles\" data-id=\"50433\" src=\"https:\/\/neocatechumenaleiter.org\/wp-content\/uploads\/2026\/06\/camino-neocatecumenal-eucaristia-presbiteros-redemptoris-mater-america-basilica-san-pedro-roma-24.06.26-12-1024x473.jpg\" alt=\"\" class=\"wp-image-50433\" srcset=\"https:\/\/neocatechumenaleiter.org\/wp-content\/uploads\/2026\/06\/camino-neocatecumenal-eucaristia-presbiteros-redemptoris-mater-america-basilica-san-pedro-roma-24.06.26-12-1024x473.jpg 1024w, https:\/\/neocatechumenaleiter.org\/wp-content\/uploads\/2026\/06\/camino-neocatecumenal-eucaristia-presbiteros-redemptoris-mater-america-basilica-san-pedro-roma-24.06.26-12-300x139.jpg 300w, https:\/\/neocatechumenaleiter.org\/wp-content\/uploads\/2026\/06\/camino-neocatecumenal-eucaristia-presbiteros-redemptoris-mater-america-basilica-san-pedro-roma-24.06.26-12-768x355.jpg 768w, https:\/\/neocatechumenaleiter.org\/wp-content\/uploads\/2026\/06\/camino-neocatecumenal-eucaristia-presbiteros-redemptoris-mater-america-basilica-san-pedro-roma-24.06.26-12-1536x710.jpg 1536w, https:\/\/neocatechumenaleiter.org\/wp-content\/uploads\/2026\/06\/camino-neocatecumenal-eucaristia-presbiteros-redemptoris-mater-america-basilica-san-pedro-roma-24.06.26-12.jpg 2000w\" sizes=\"auto, (max-width: 1024px) 100vw, 1024px\" \/><button\n\t\t\tclass=\"lightbox-trigger\"\n\t\t\ttype=\"button\"\n\t\t\taria-haspopup=\"dialog\"\n\t\t\tdata-wp-bind--aria-label=\"state.thisImage.triggerButtonAriaLabel\"\n\t\t\tdata-wp-init=\"callbacks.initTriggerButton\"\n\t\t\tdata-wp-on--click=\"actions.showLightbox\"\n\t\t\tdata-wp-style--right=\"state.thisImage.buttonRight\"\n\t\t\tdata-wp-style--top=\"state.thisImage.buttonTop\"\n\t\t>\n\t\t\t<svg xmlns=\"http:\/\/www.w3.org\/2000\/svg\" width=\"12\" height=\"12\" fill=\"none\" viewBox=\"0 0 12 12\">\n\t\t\t\t<path fill=\"#fff\" d=\"M2 0a2 2 0 0 0-2 2v2h1.5V2a.5.5 0 0 1 .5-.5h2V0H2Zm2 10.5H2a.5.5 0 0 1-.5-.5V8H0v2a2 2 0 0 0 2 2h2v-1.5ZM8 12v-1.5h2a.5.5 0 0 0 .5-.5V8H12v2a2 2 0 0 1-2 2H8Zm2-12a2 2 0 0 1 2 2v2h-1.5V2a.5.5 0 0 0-.5-.5H8V0h2Z\" \/>\n\t\t\t<\/svg>\n\t\t<\/button><\/figure>\n\n\n\n<figure data-wp-context=\"{&quot;imageId&quot;:&quot;6a9a7e9f368c8&quot;}\" data-wp-interactive=\"core\/image\" data-wp-key=\"6a9a7e9f368c8\" class=\"wp-block-image size-large wp-lightbox-container\"><img loading=\"lazy\" decoding=\"async\" width=\"1024\" height=\"473\" data-wp-class--hide=\"state.isContentHidden\" data-wp-class--show=\"state.isContentVisible\" data-wp-init=\"callbacks.setButtonStyles\" data-wp-on--click=\"actions.showLightbox\" data-wp-on--load=\"callbacks.setButtonStyles\" data-wp-on--pointerdown=\"actions.preloadImage\" data-wp-on--pointerenter=\"actions.preloadImageWithDelay\" data-wp-on--pointerleave=\"actions.cancelPreload\" data-wp-on-window--resize=\"callbacks.setButtonStyles\" data-id=\"50432\" src=\"https:\/\/neocatechumenaleiter.org\/wp-content\/uploads\/2026\/06\/camino-neocatecumenal-eucaristia-presbiteros-redemptoris-mater-america-basilica-san-pedro-roma-24.06.26-09-1024x473.jpg\" alt=\"\" class=\"wp-image-50432\" srcset=\"https:\/\/neocatechumenaleiter.org\/wp-content\/uploads\/2026\/06\/camino-neocatecumenal-eucaristia-presbiteros-redemptoris-mater-america-basilica-san-pedro-roma-24.06.26-09-1024x473.jpg 1024w, https:\/\/neocatechumenaleiter.org\/wp-content\/uploads\/2026\/06\/camino-neocatecumenal-eucaristia-presbiteros-redemptoris-mater-america-basilica-san-pedro-roma-24.06.26-09-300x139.jpg 300w, https:\/\/neocatechumenaleiter.org\/wp-content\/uploads\/2026\/06\/camino-neocatecumenal-eucaristia-presbiteros-redemptoris-mater-america-basilica-san-pedro-roma-24.06.26-09-768x355.jpg 768w, https:\/\/neocatechumenaleiter.org\/wp-content\/uploads\/2026\/06\/camino-neocatecumenal-eucaristia-presbiteros-redemptoris-mater-america-basilica-san-pedro-roma-24.06.26-09-1536x710.jpg 1536w, https:\/\/neocatechumenaleiter.org\/wp-content\/uploads\/2026\/06\/camino-neocatecumenal-eucaristia-presbiteros-redemptoris-mater-america-basilica-san-pedro-roma-24.06.26-09.jpg 2000w\" sizes=\"auto, (max-width: 1024px) 100vw, 1024px\" \/><button\n\t\t\tclass=\"lightbox-trigger\"\n\t\t\ttype=\"button\"\n\t\t\taria-haspopup=\"dialog\"\n\t\t\tdata-wp-bind--aria-label=\"state.thisImage.triggerButtonAriaLabel\"\n\t\t\tdata-wp-init=\"callbacks.initTriggerButton\"\n\t\t\tdata-wp-on--click=\"actions.showLightbox\"\n\t\t\tdata-wp-style--right=\"state.thisImage.buttonRight\"\n\t\t\tdata-wp-style--top=\"state.thisImage.buttonTop\"\n\t\t>\n\t\t\t<svg xmlns=\"http:\/\/www.w3.org\/2000\/svg\" width=\"12\" height=\"12\" fill=\"none\" viewBox=\"0 0 12 12\">\n\t\t\t\t<path fill=\"#fff\" d=\"M2 0a2 2 0 0 0-2 2v2h1.5V2a.5.5 0 0 1 .5-.5h2V0H2Zm2 10.5H2a.5.5 0 0 1-.5-.5V8H0v2a2 2 0 0 0 2 2h2v-1.5ZM8 12v-1.5h2a.5.5 0 0 0 .5-.5V8H12v2a2 2 0 0 1-2 2H8Zm2-12a2 2 0 0 1 2 2v2h-1.5V2a.5.5 0 0 0-.5-.5H8V0h2Z\" \/>\n\t\t\t<\/svg>\n\t\t<\/button><\/figure>\n<\/figure>\n\n<div style=\"height:30px\" aria-hidden=\"true\" class=\"wp-block-spacer\"><\/div>\n<div class=\"wp-block-image\">\n<figure data-wp-context=\"{&quot;imageId&quot;:&quot;6a9a7e9f370eb&quot;}\" data-wp-interactive=\"core\/image\" data-wp-key=\"6a9a7e9f370eb\" class=\"aligncenter size-large wp-lightbox-container\"><img loading=\"lazy\" decoding=\"async\" width=\"1024\" height=\"473\" data-wp-class--hide=\"state.isContentHidden\" data-wp-class--show=\"state.isContentVisible\" data-wp-init=\"callbacks.setButtonStyles\" data-wp-on--click=\"actions.showLightbox\" data-wp-on--load=\"callbacks.setButtonStyles\" data-wp-on--pointerdown=\"actions.preloadImage\" data-wp-on--pointerenter=\"actions.preloadImageWithDelay\" data-wp-on--pointerleave=\"actions.cancelPreload\" data-wp-on-window--resize=\"callbacks.setButtonStyles\" src=\"https:\/\/neocatechumenaleiter.org\/wp-content\/uploads\/2026\/06\/camino-neocatecumenal-eucaristia-presbiteros-redemptoris-mater-america-basilica-san-pedro-roma-24.06.26-17-1024x473.jpg\" alt=\"Amerikos Neokatechumenatinio kelio kunigai bendrojoje audiencijoje su popie\u017eiumi Leonu XIV \u0160v. Petro aik\u0161t\u0117je 2026 m. bir\u017eelio 24 d.\" class=\"wp-image-50505\" srcset=\"https:\/\/neocatechumenaleiter.org\/wp-content\/uploads\/2026\/06\/camino-neocatecumenal-eucaristia-presbiteros-redemptoris-mater-america-basilica-san-pedro-roma-24.06.26-17-1024x473.jpg 1024w, https:\/\/neocatechumenaleiter.org\/wp-content\/uploads\/2026\/06\/camino-neocatecumenal-eucaristia-presbiteros-redemptoris-mater-america-basilica-san-pedro-roma-24.06.26-17-300x139.jpg 300w, https:\/\/neocatechumenaleiter.org\/wp-content\/uploads\/2026\/06\/camino-neocatecumenal-eucaristia-presbiteros-redemptoris-mater-america-basilica-san-pedro-roma-24.06.26-17-768x355.jpg 768w, https:\/\/neocatechumenaleiter.org\/wp-content\/uploads\/2026\/06\/camino-neocatecumenal-eucaristia-presbiteros-redemptoris-mater-america-basilica-san-pedro-roma-24.06.26-17-1536x710.jpg 1536w, https:\/\/neocatechumenaleiter.org\/wp-content\/uploads\/2026\/06\/camino-neocatecumenal-eucaristia-presbiteros-redemptoris-mater-america-basilica-san-pedro-roma-24.06.26-17.jpg 2000w\" sizes=\"auto, (max-width: 1024px) 100vw, 1024px\" \/><button\n\t\t\tclass=\"lightbox-trigger\"\n\t\t\ttype=\"button\"\n\t\t\taria-haspopup=\"dialog\"\n\t\t\tdata-wp-bind--aria-label=\"state.thisImage.triggerButtonAriaLabel\"\n\t\t\tdata-wp-init=\"callbacks.initTriggerButton\"\n\t\t\tdata-wp-on--click=\"actions.showLightbox\"\n\t\t\tdata-wp-style--right=\"state.thisImage.buttonRight\"\n\t\t\tdata-wp-style--top=\"state.thisImage.buttonTop\"\n\t\t>\n\t\t\t<svg xmlns=\"http:\/\/www.w3.org\/2000\/svg\" width=\"12\" height=\"12\" fill=\"none\" viewBox=\"0 0 12 12\">\n\t\t\t\t<path fill=\"#fff\" d=\"M2 0a2 2 0 0 0-2 2v2h1.5V2a.5.5 0 0 1 .5-.5h2V0H2Zm2 10.5H2a.5.5 0 0 1-.5-.5V8H0v2a2 2 0 0 0 2 2h2v-1.5ZM8 12v-1.5h2a.5.5 0 0 0 .5-.5V8H12v2a2 2 0 0 1-2 2H8Zm2-12a2 2 0 0 1 2 2v2h-1.5V2a.5.5 0 0 0-.5-.5H8V0h2Z\" \/>\n\t\t\t<\/svg>\n\t\t<\/button><\/figure>\n<\/div>\n<div style=\"height:30px\" aria-hidden=\"true\" class=\"wp-block-spacer\"><\/div>\n<div class=\"wp-block-image\">\n<figure data-wp-context=\"{&quot;imageId&quot;:&quot;6a9a7e9f37744&quot;}\" data-wp-interactive=\"core\/image\" data-wp-key=\"6a9a7e9f37744\" class=\"aligncenter size-large wp-lightbox-container\"><img loading=\"lazy\" decoding=\"async\" width=\"1024\" height=\"473\" data-wp-class--hide=\"state.isContentHidden\" data-wp-class--show=\"state.isContentVisible\" data-wp-init=\"callbacks.setButtonStyles\" data-wp-on--click=\"actions.showLightbox\" data-wp-on--load=\"callbacks.setButtonStyles\" data-wp-on--pointerdown=\"actions.preloadImage\" data-wp-on--pointerenter=\"actions.preloadImageWithDelay\" data-wp-on--pointerleave=\"actions.cancelPreload\" data-wp-on-window--resize=\"callbacks.setButtonStyles\" src=\"https:\/\/neocatechumenaleiter.org\/wp-content\/uploads\/2026\/06\/camino-neocatecumenal-eucaristia-presbiteros-redemptoris-mater-america-basilica-san-pedro-roma-24.06.26-16-1024x473.jpg\" alt=\"Amerikos Neokatechumenatinio kelio kunigai bendrojoje audiencijoje su popie\u017eiumi Leonu XIV \u0160v. Petro aik\u0161t\u0117je 2026 m. bir\u017eelio 24 d.\" class=\"wp-image-50504\" srcset=\"https:\/\/neocatechumenaleiter.org\/wp-content\/uploads\/2026\/06\/camino-neocatecumenal-eucaristia-presbiteros-redemptoris-mater-america-basilica-san-pedro-roma-24.06.26-16-1024x473.jpg 1024w, https:\/\/neocatechumenaleiter.org\/wp-content\/uploads\/2026\/06\/camino-neocatecumenal-eucaristia-presbiteros-redemptoris-mater-america-basilica-san-pedro-roma-24.06.26-16-300x139.jpg 300w, https:\/\/neocatechumenaleiter.org\/wp-content\/uploads\/2026\/06\/camino-neocatecumenal-eucaristia-presbiteros-redemptoris-mater-america-basilica-san-pedro-roma-24.06.26-16-768x355.jpg 768w, https:\/\/neocatechumenaleiter.org\/wp-content\/uploads\/2026\/06\/camino-neocatecumenal-eucaristia-presbiteros-redemptoris-mater-america-basilica-san-pedro-roma-24.06.26-16-1536x710.jpg 1536w, https:\/\/neocatechumenaleiter.org\/wp-content\/uploads\/2026\/06\/camino-neocatecumenal-eucaristia-presbiteros-redemptoris-mater-america-basilica-san-pedro-roma-24.06.26-16.jpg 2000w\" sizes=\"auto, (max-width: 1024px) 100vw, 1024px\" \/><button\n\t\t\tclass=\"lightbox-trigger\"\n\t\t\ttype=\"button\"\n\t\t\taria-haspopup=\"dialog\"\n\t\t\tdata-wp-bind--aria-label=\"state.thisImage.triggerButtonAriaLabel\"\n\t\t\tdata-wp-init=\"callbacks.initTriggerButton\"\n\t\t\tdata-wp-on--click=\"actions.showLightbox\"\n\t\t\tdata-wp-style--right=\"state.thisImage.buttonRight\"\n\t\t\tdata-wp-style--top=\"state.thisImage.buttonTop\"\n\t\t>\n\t\t\t<svg xmlns=\"http:\/\/www.w3.org\/2000\/svg\" width=\"12\" height=\"12\" fill=\"none\" viewBox=\"0 0 12 12\">\n\t\t\t\t<path fill=\"#fff\" d=\"M2 0a2 2 0 0 0-2 2v2h1.5V2a.5.5 0 0 1 .5-.5h2V0H2Zm2 10.5H2a.5.5 0 0 1-.5-.5V8H0v2a2 2 0 0 0 2 2h2v-1.5ZM8 12v-1.5h2a.5.5 0 0 0 .5-.5V8H12v2a2 2 0 0 1-2 2H8Zm2-12a2 2 0 0 1 2 2v2h-1.5V2a.5.5 0 0 0-.5-.5H8V0h2Z\" \/>\n\t\t\t<\/svg>\n\t\t<\/button><\/figure>\n<\/div>\n<div style=\"height:60px\" aria-hidden=\"true\" class=\"wp-block-spacer\"><\/div>\n\n<p class=\"wp-block-paragraph\">Visi jie gr\u012f\u017eo i\u0161 misijos laimingi, i\u0161vyd\u0119 stebuklus, kuri\u0173 net negal\u0117jo \u012fsivaizduoti, ir guod\u0117 daugyb\u0119 parapij\u0173 kunig\u0173, kurie juos pri\u0117m\u0117. Po popie\u017eiaus audiencijos kunigai \u0161i\u0105 misijos dien\u0105 vainikavo d\u017eiaugsminga Eucharistija prie \u0160v. Petro bazilikos Sosto altoriaus. V\u0117liau jie gr\u012f\u017eo \u012f Porto San D\u017eord\u017eo Neokatechumenatin\u012f centr\u0105, kur iki sekmadienio gyveno kartu su Kiko Arg\u00faello. Ta\u010diau prie\u0161 gr\u012f\u017edami \u012f savo parapijas \u012fvairiose Amerikos \u0161alyse, jie aplank\u0117 Loreto \u0160ventuosius Namus, kur \u0161vent\u0117 Eucharistij\u0105 ir patik\u0117jo savo misij\u0105 \u0160v\u010d. Mergelei Marijai.<\/p>\n\n<div style=\"height:30px\" aria-hidden=\"true\" class=\"wp-block-spacer\"><\/div>\n\n<figure data-wp-context=\"{&quot;galleryId&quot;:&quot;6a9a7e9f379a3&quot;}\" data-wp-interactive=\"core\/gallery\" class=\"wp-block-gallery aligncenter has-nested-images columns-2 is-cropped wp-block-gallery-5 is-layout-flex wp-block-gallery-is-layout-flex\">\n<figure data-wp-context=\"{&quot;imageId&quot;:&quot;6a9a7e9f37e4f&quot;}\" data-wp-interactive=\"core\/image\" data-wp-key=\"6a9a7e9f37e4f\" class=\"wp-block-image size-large wp-lightbox-container\"><img loading=\"lazy\" decoding=\"async\" width=\"1024\" height=\"473\" data-wp-class--hide=\"state.isContentHidden\" data-wp-class--show=\"state.isContentVisible\" data-wp-init=\"callbacks.setButtonStyles\" data-wp-on--click=\"actions.showLightbox\" data-wp-on--load=\"callbacks.setButtonStyles\" data-wp-on--pointerdown=\"actions.preloadImage\" data-wp-on--pointerenter=\"actions.preloadImageWithDelay\" data-wp-on--pointerleave=\"actions.cancelPreload\" data-wp-on-window--resize=\"callbacks.setButtonStyles\" data-id=\"50791\" src=\"https:\/\/neocatechumenaleiter.org\/wp-content\/uploads\/2026\/06\/camino-neocatecumenal-convivencia-presbiteros-america-eucaristia-loreto-26.06.2026-12-1024x473.jpg\" alt=\"Neokatechumenatinis kelias, Amerikos kunig\u0173 konvivencija, Eucharistija Loreto mieste\" class=\"wp-image-50791\" srcset=\"https:\/\/neocatechumenaleiter.org\/wp-content\/uploads\/2026\/06\/camino-neocatecumenal-convivencia-presbiteros-america-eucaristia-loreto-26.06.2026-12-1024x473.jpg 1024w, https:\/\/neocatechumenaleiter.org\/wp-content\/uploads\/2026\/06\/camino-neocatecumenal-convivencia-presbiteros-america-eucaristia-loreto-26.06.2026-12-300x139.jpg 300w, https:\/\/neocatechumenaleiter.org\/wp-content\/uploads\/2026\/06\/camino-neocatecumenal-convivencia-presbiteros-america-eucaristia-loreto-26.06.2026-12-768x355.jpg 768w, https:\/\/neocatechumenaleiter.org\/wp-content\/uploads\/2026\/06\/camino-neocatecumenal-convivencia-presbiteros-america-eucaristia-loreto-26.06.2026-12-1536x710.jpg 1536w, https:\/\/neocatechumenaleiter.org\/wp-content\/uploads\/2026\/06\/camino-neocatecumenal-convivencia-presbiteros-america-eucaristia-loreto-26.06.2026-12.jpg 2000w\" sizes=\"auto, (max-width: 1024px) 100vw, 1024px\" \/><button\n\t\t\tclass=\"lightbox-trigger\"\n\t\t\ttype=\"button\"\n\t\t\taria-haspopup=\"dialog\"\n\t\t\tdata-wp-bind--aria-label=\"state.thisImage.triggerButtonAriaLabel\"\n\t\t\tdata-wp-init=\"callbacks.initTriggerButton\"\n\t\t\tdata-wp-on--click=\"actions.showLightbox\"\n\t\t\tdata-wp-style--right=\"state.thisImage.buttonRight\"\n\t\t\tdata-wp-style--top=\"state.thisImage.buttonTop\"\n\t\t>\n\t\t\t<svg xmlns=\"http:\/\/www.w3.org\/2000\/svg\" width=\"12\" height=\"12\" fill=\"none\" viewBox=\"0 0 12 12\">\n\t\t\t\t<path fill=\"#fff\" d=\"M2 0a2 2 0 0 0-2 2v2h1.5V2a.5.5 0 0 1 .5-.5h2V0H2Zm2 10.5H2a.5.5 0 0 1-.5-.5V8H0v2a2 2 0 0 0 2 2h2v-1.5ZM8 12v-1.5h2a.5.5 0 0 0 .5-.5V8H12v2a2 2 0 0 1-2 2H8Zm2-12a2 2 0 0 1 2 2v2h-1.5V2a.5.5 0 0 0-.5-.5H8V0h2Z\" \/>\n\t\t\t<\/svg>\n\t\t<\/button><\/figure>\n\n\n\n<figure data-wp-context=\"{&quot;imageId&quot;:&quot;6a9a7e9f3846f&quot;}\" data-wp-interactive=\"core\/image\" data-wp-key=\"6a9a7e9f3846f\" class=\"wp-block-image size-large wp-lightbox-container\"><img loading=\"lazy\" decoding=\"async\" width=\"1024\" height=\"473\" data-wp-class--hide=\"state.isContentHidden\" data-wp-class--show=\"state.isContentVisible\" data-wp-init=\"callbacks.setButtonStyles\" data-wp-on--click=\"actions.showLightbox\" data-wp-on--load=\"callbacks.setButtonStyles\" data-wp-on--pointerdown=\"actions.preloadImage\" data-wp-on--pointerenter=\"actions.preloadImageWithDelay\" data-wp-on--pointerleave=\"actions.cancelPreload\" data-wp-on-window--resize=\"callbacks.setButtonStyles\" data-id=\"50790\" src=\"https:\/\/neocatechumenaleiter.org\/wp-content\/uploads\/2026\/06\/camino-neocatecumenal-convivencia-presbiteros-america-eucaristia-loreto-26.06.2026-08-1024x473.jpg\" alt=\"Neokatechumenatinis kelias, Amerikos kunig\u0173 konvivencija, Eucharistija Loreto mieste\" class=\"wp-image-50790\" srcset=\"https:\/\/neocatechumenaleiter.org\/wp-content\/uploads\/2026\/06\/camino-neocatecumenal-convivencia-presbiteros-america-eucaristia-loreto-26.06.2026-08-1024x473.jpg 1024w, https:\/\/neocatechumenaleiter.org\/wp-content\/uploads\/2026\/06\/camino-neocatecumenal-convivencia-presbiteros-america-eucaristia-loreto-26.06.2026-08-300x139.jpg 300w, https:\/\/neocatechumenaleiter.org\/wp-content\/uploads\/2026\/06\/camino-neocatecumenal-convivencia-presbiteros-america-eucaristia-loreto-26.06.2026-08-768x355.jpg 768w, https:\/\/neocatechumenaleiter.org\/wp-content\/uploads\/2026\/06\/camino-neocatecumenal-convivencia-presbiteros-america-eucaristia-loreto-26.06.2026-08-1536x710.jpg 1536w, https:\/\/neocatechumenaleiter.org\/wp-content\/uploads\/2026\/06\/camino-neocatecumenal-convivencia-presbiteros-america-eucaristia-loreto-26.06.2026-08.jpg 2000w\" sizes=\"auto, (max-width: 1024px) 100vw, 1024px\" \/><button\n\t\t\tclass=\"lightbox-trigger\"\n\t\t\ttype=\"button\"\n\t\t\taria-haspopup=\"dialog\"\n\t\t\tdata-wp-bind--aria-label=\"state.thisImage.triggerButtonAriaLabel\"\n\t\t\tdata-wp-init=\"callbacks.initTriggerButton\"\n\t\t\tdata-wp-on--click=\"actions.showLightbox\"\n\t\t\tdata-wp-style--right=\"state.thisImage.buttonRight\"\n\t\t\tdata-wp-style--top=\"state.thisImage.buttonTop\"\n\t\t>\n\t\t\t<svg xmlns=\"http:\/\/www.w3.org\/2000\/svg\" width=\"12\" height=\"12\" fill=\"none\" viewBox=\"0 0 12 12\">\n\t\t\t\t<path fill=\"#fff\" d=\"M2 0a2 2 0 0 0-2 2v2h1.5V2a.5.5 0 0 1 .5-.5h2V0H2Zm2 10.5H2a.5.5 0 0 1-.5-.5V8H0v2a2 2 0 0 0 2 2h2v-1.5ZM8 12v-1.5h2a.5.5 0 0 0 .5-.5V8H12v2a2 2 0 0 1-2 2H8Zm2-12a2 2 0 0 1 2 2v2h-1.5V2a.5.5 0 0 0-.5-.5H8V0h2Z\" \/>\n\t\t\t<\/svg>\n\t\t<\/button><\/figure>\n\n\n\n<figure data-wp-context=\"{&quot;imageId&quot;:&quot;6a9a7e9f38a41&quot;}\" data-wp-interactive=\"core\/image\" data-wp-key=\"6a9a7e9f38a41\" class=\"wp-block-image size-large wp-lightbox-container\"><img loading=\"lazy\" decoding=\"async\" width=\"1024\" height=\"473\" data-wp-class--hide=\"state.isContentHidden\" data-wp-class--show=\"state.isContentVisible\" data-wp-init=\"callbacks.setButtonStyles\" data-wp-on--click=\"actions.showLightbox\" data-wp-on--load=\"callbacks.setButtonStyles\" data-wp-on--pointerdown=\"actions.preloadImage\" data-wp-on--pointerenter=\"actions.preloadImageWithDelay\" data-wp-on--pointerleave=\"actions.cancelPreload\" data-wp-on-window--resize=\"callbacks.setButtonStyles\" data-id=\"50787\" src=\"https:\/\/neocatechumenaleiter.org\/wp-content\/uploads\/2026\/06\/camino-neocatecumenal-convivencia-presbiteros-america-eucaristia-loreto-26.06.2026-01-1024x473.jpg\" alt=\"Neokatechumenatinis kelias, Amerikos kunig\u0173 konvivencija, Eucharistija Loreto mieste\" class=\"wp-image-50787\" srcset=\"https:\/\/neocatechumenaleiter.org\/wp-content\/uploads\/2026\/06\/camino-neocatecumenal-convivencia-presbiteros-america-eucaristia-loreto-26.06.2026-01-1024x473.jpg 1024w, https:\/\/neocatechumenaleiter.org\/wp-content\/uploads\/2026\/06\/camino-neocatecumenal-convivencia-presbiteros-america-eucaristia-loreto-26.06.2026-01-300x139.jpg 300w, https:\/\/neocatechumenaleiter.org\/wp-content\/uploads\/2026\/06\/camino-neocatecumenal-convivencia-presbiteros-america-eucaristia-loreto-26.06.2026-01-768x355.jpg 768w, https:\/\/neocatechumenaleiter.org\/wp-content\/uploads\/2026\/06\/camino-neocatecumenal-convivencia-presbiteros-america-eucaristia-loreto-26.06.2026-01-1536x710.jpg 1536w, https:\/\/neocatechumenaleiter.org\/wp-content\/uploads\/2026\/06\/camino-neocatecumenal-convivencia-presbiteros-america-eucaristia-loreto-26.06.2026-01.jpg 2000w\" sizes=\"auto, (max-width: 1024px) 100vw, 1024px\" \/><button\n\t\t\tclass=\"lightbox-trigger\"\n\t\t\ttype=\"button\"\n\t\t\taria-haspopup=\"dialog\"\n\t\t\tdata-wp-bind--aria-label=\"state.thisImage.triggerButtonAriaLabel\"\n\t\t\tdata-wp-init=\"callbacks.initTriggerButton\"\n\t\t\tdata-wp-on--click=\"actions.showLightbox\"\n\t\t\tdata-wp-style--right=\"state.thisImage.buttonRight\"\n\t\t\tdata-wp-style--top=\"state.thisImage.buttonTop\"\n\t\t>\n\t\t\t<svg xmlns=\"http:\/\/www.w3.org\/2000\/svg\" width=\"12\" height=\"12\" fill=\"none\" viewBox=\"0 0 12 12\">\n\t\t\t\t<path fill=\"#fff\" d=\"M2 0a2 2 0 0 0-2 2v2h1.5V2a.5.5 0 0 1 .5-.5h2V0H2Zm2 10.5H2a.5.5 0 0 1-.5-.5V8H0v2a2 2 0 0 0 2 2h2v-1.5ZM8 12v-1.5h2a.5.5 0 0 0 .5-.5V8H12v2a2 2 0 0 1-2 2H8Zm2-12a2 2 0 0 1 2 2v2h-1.5V2a.5.5 0 0 0-.5-.5H8V0h2Z\" \/>\n\t\t\t<\/svg>\n\t\t<\/button><\/figure>\n<figcaption class=\"blocks-gallery-caption wp-element-caption\">Eucharistija Loreto \u0160vent\u0173j\u0173 Nam\u0173 bazilikoje<\/figcaption><\/figure>\n\n<figure class=\"wp-block-gallery aligncenter has-nested-images columns-2 is-cropped wp-block-gallery-6 is-layout-flex wp-block-gallery-is-layout-flex\">\n<figure class=\"wp-block-image size-large\"><img loading=\"lazy\" decoding=\"async\" width=\"1024\" height=\"473\" data-id=\"50789\" src=\"https:\/\/neocatechumenaleiter.org\/wp-content\/uploads\/2026\/06\/camino-neocatecumenal-convivencia-presbiteros-america-eucaristia-loreto-26.06.2026-05-1024x473.jpg\" alt=\"Neokatechumenatinis kelias, Amerikos kunig\u0173 konvivencija, Eucharistija Loreto mieste\" class=\"wp-image-50789\" srcset=\"https:\/\/neocatechumenaleiter.org\/wp-content\/uploads\/2026\/06\/camino-neocatecumenal-convivencia-presbiteros-america-eucaristia-loreto-26.06.2026-05-1024x473.jpg 1024w, https:\/\/neocatechumenaleiter.org\/wp-content\/uploads\/2026\/06\/camino-neocatecumenal-convivencia-presbiteros-america-eucaristia-loreto-26.06.2026-05-300x139.jpg 300w, https:\/\/neocatechumenaleiter.org\/wp-content\/uploads\/2026\/06\/camino-neocatecumenal-convivencia-presbiteros-america-eucaristia-loreto-26.06.2026-05-768x355.jpg 768w, https:\/\/neocatechumenaleiter.org\/wp-content\/uploads\/2026\/06\/camino-neocatecumenal-convivencia-presbiteros-america-eucaristia-loreto-26.06.2026-05-1536x710.jpg 1536w, https:\/\/neocatechumenaleiter.org\/wp-content\/uploads\/2026\/06\/camino-neocatecumenal-convivencia-presbiteros-america-eucaristia-loreto-26.06.2026-05.jpg 2000w\" sizes=\"auto, (max-width: 1024px) 100vw, 1024px\" \/><\/figure>\n\n\n\n<figure class=\"wp-block-image size-large\"><img loading=\"lazy\" decoding=\"async\" width=\"1024\" height=\"473\" data-id=\"50788\" src=\"https:\/\/neocatechumenaleiter.org\/wp-content\/uploads\/2026\/06\/camino-neocatecumenal-convivencia-presbiteros-america-eucaristia-loreto-26.06.2026-03-1024x473.jpg\" alt=\"Neokatechumenatinis kelias, Amerikos kunig\u0173 konvivencija, Eucharistija Loreto mieste\" class=\"wp-image-50788\" srcset=\"https:\/\/neocatechumenaleiter.org\/wp-content\/uploads\/2026\/06\/camino-neocatecumenal-convivencia-presbiteros-america-eucaristia-loreto-26.06.2026-03-1024x473.jpg 1024w, https:\/\/neocatechumenaleiter.org\/wp-content\/uploads\/2026\/06\/camino-neocatecumenal-convivencia-presbiteros-america-eucaristia-loreto-26.06.2026-03-300x139.jpg 300w, https:\/\/neocatechumenaleiter.org\/wp-content\/uploads\/2026\/06\/camino-neocatecumenal-convivencia-presbiteros-america-eucaristia-loreto-26.06.2026-03-768x355.jpg 768w, https:\/\/neocatechumenaleiter.org\/wp-content\/uploads\/2026\/06\/camino-neocatecumenal-convivencia-presbiteros-america-eucaristia-loreto-26.06.2026-03-1536x710.jpg 1536w, https:\/\/neocatechumenaleiter.org\/wp-content\/uploads\/2026\/06\/camino-neocatecumenal-convivencia-presbiteros-america-eucaristia-loreto-26.06.2026-03.jpg 2000w\" sizes=\"auto, (max-width: 1024px) 100vw, 1024px\" \/><\/figure>\n\n\n\n<figure class=\"wp-block-image size-large\"><img loading=\"lazy\" decoding=\"async\" width=\"1024\" height=\"473\" data-id=\"50792\" src=\"https:\/\/neocatechumenaleiter.org\/wp-content\/uploads\/2026\/06\/camino-neocatecumenal-convivencia-presbiteros-america-eucaristia-loreto-26.06.2026-13-1024x473.jpg\" alt=\"Neokatechumenatinis kelias, Amerikos kunig\u0173 konvivencija, Eucharistija Loreto mieste\" class=\"wp-image-50792\" srcset=\"https:\/\/neocatechumenaleiter.org\/wp-content\/uploads\/2026\/06\/camino-neocatecumenal-convivencia-presbiteros-america-eucaristia-loreto-26.06.2026-13-1024x473.jpg 1024w, https:\/\/neocatechumenaleiter.org\/wp-content\/uploads\/2026\/06\/camino-neocatecumenal-convivencia-presbiteros-america-eucaristia-loreto-26.06.2026-13-300x139.jpg 300w, https:\/\/neocatechumenaleiter.org\/wp-content\/uploads\/2026\/06\/camino-neocatecumenal-convivencia-presbiteros-america-eucaristia-loreto-26.06.2026-13-768x355.jpg 768w, https:\/\/neocatechumenaleiter.org\/wp-content\/uploads\/2026\/06\/camino-neocatecumenal-convivencia-presbiteros-america-eucaristia-loreto-26.06.2026-13-1536x710.jpg 1536w, https:\/\/neocatechumenaleiter.org\/wp-content\/uploads\/2026\/06\/camino-neocatecumenal-convivencia-presbiteros-america-eucaristia-loreto-26.06.2026-13.jpg 2000w\" sizes=\"auto, (max-width: 1024px) 100vw, 1024px\" \/><\/figure>\n<\/figure>\n\n<div style=\"height:60px\" aria-hidden=\"true\" class=\"wp-block-spacer\"><\/div>\n\n<div align=\"center\"><figure class=\"wp-block-embed aligncenter is-type-video is-provider-youtube wp-block-embed-youtube wp-embed-aspect-9-16 wp-has-aspect-ratio\"><div class=\"wp-block-embed__wrapper\">\r\n<iframe loading=\"lazy\" title=\"Camino Neocatecumenal Convivencia de Presb\u00edteros de los Redemptoris Mater de Am\u00e9rica Loreto\" width=\"540\" height=\"960\" src=\"https:\/\/www.youtube-nocookie.com\/embed\/FjsaIu-ZILM?feature=oembed\" frameborder=\"0\" allow=\"accelerometer; autoplay; clipboard-write; encrypted-media; gyroscope; picture-in-picture; web-share\" referrerpolicy=\"strict-origin-when-cross-origin\" allowfullscreen><\/iframe>\r\n<\/div><\/figure><\/div><br>\n\n<div style=\"height:100px\" aria-hidden=\"true\" class=\"wp-block-spacer\"><\/div>\n\n<hr class=\"wp-block-separator aligncenter has-alpha-channel-opacity is-style-wide\" \/>\n\n<div style=\"height:60px\" aria-hidden=\"true\" class=\"wp-block-spacer\"><\/div>\n<div class=\"wp-block-image\">\n<figure class=\"aligncenter size-large\"><img loading=\"lazy\" decoding=\"async\" width=\"1024\" height=\"410\" src=\"https:\/\/neocatechumenaleiter.org\/wp-content\/uploads\/2026\/06\/camino-neocatecumenal-presbiteros-america-pancarta-1024x410.jpg\" alt=\"\" class=\"wp-image-50405\" srcset=\"https:\/\/neocatechumenaleiter.org\/wp-content\/uploads\/2026\/06\/camino-neocatecumenal-presbiteros-america-pancarta-1024x410.jpg 1024w, https:\/\/neocatechumenaleiter.org\/wp-content\/uploads\/2026\/06\/camino-neocatecumenal-presbiteros-america-pancarta-300x120.jpg 300w, https:\/\/neocatechumenaleiter.org\/wp-content\/uploads\/2026\/06\/camino-neocatecumenal-presbiteros-america-pancarta-768x307.jpg 768w, https:\/\/neocatechumenaleiter.org\/wp-content\/uploads\/2026\/06\/camino-neocatecumenal-presbiteros-america-pancarta-1536x614.jpg 1536w, https:\/\/neocatechumenaleiter.org\/wp-content\/uploads\/2026\/06\/camino-neocatecumenal-presbiteros-america-pancarta.jpg 2000w\" sizes=\"auto, (max-width: 1024px) 100vw, 1024px\" \/><\/figure>\n<\/div>\n<div style=\"height:30px\" aria-hidden=\"true\" class=\"wp-block-spacer\"><\/div>\n\n<hr class=\"wp-block-separator aligncenter has-alpha-channel-opacity is-style-wide\" \/>\n\n<div style=\"height:60px\" aria-hidden=\"true\" class=\"wp-block-spacer\"><\/div>\n<div class=\"wp-block-image\">\n<figure class=\"aligncenter size-full\"><img loading=\"lazy\" decoding=\"async\" width=\"424\" height=\"161\" src=\"https:\/\/neocatechumenaleiter.org\/wp-content\/uploads\/2026\/01\/camino-neocatecumenal-vatican-news-icon.jpg\" alt=\"Neokatechumenato kelio Vatikano naujien\u0173 ikona\" class=\"wp-image-46813\" srcset=\"https:\/\/neocatechumenaleiter.org\/wp-content\/uploads\/2026\/01\/camino-neocatecumenal-vatican-news-icon.jpg 424w, https:\/\/neocatechumenaleiter.org\/wp-content\/uploads\/2026\/01\/camino-neocatecumenal-vatican-news-icon-300x114.jpg 300w\" sizes=\"auto, (max-width: 424px) 100vw, 424px\" \/><\/figure>\n<\/div>\n<div style=\"height:60px\" aria-hidden=\"true\" class=\"wp-block-spacer\"><\/div>\n\n<h4 class=\"wp-block-heading has-text-align-center\"><strong>D\u00c9BORA DONNINI<\/strong><\/h4>\n\n<div style=\"height:30px\" aria-hidden=\"true\" class=\"wp-block-spacer\"><\/div>\n\n<div class=\"wp-block-columns are-vertically-aligned-center is-layout-flex wp-container-core-columns-is-layout-8f761849 wp-block-columns-is-layout-flex\">\n<div class=\"wp-block-column is-vertically-aligned-center wp-block-latest-posts__list is-layout-flow wp-block-column-is-layout-flow\">\n<h5 class=\"wp-block-heading has-text-align-center\">Mi\u0161ios \u0160v. Petro ba\u017eny\u010dioje su 800 kunig\u0173, Del Rio: Evangelijos ne\u0161imas pasauliui &#8211; Debora Donnini<\/h5>\n<\/div>\n\n\n\n<div class=\"wp-block-column is-vertically-aligned-center wp-block-latest-posts__list is-layout-flow wp-block-column-is-layout-flow\">\n<h5 class=\"wp-block-heading has-text-align-center\"><a href=\"https:\/\/www.vaticannews.va\/es\/iglesia\/news\/2026-06\/un-sacerdote-de-curazao-en-la-mision-hemos-visto-la-providencia.html\" target=\"_blank\" rel=\"noreferrer noopener\">Un sacerdote de Curazao: \u00abEn la misi\u00f3n hemos visto la Providencia\u00bb<\/a><\/h5>\n<\/div>\n\n\n\n<div class=\"wp-block-column is-vertically-aligned-center wp-block-latest-posts__list is-layout-flow wp-block-column-is-layout-flow\">\n<h5 class=\"wp-block-heading has-text-align-center\"><a href=\"https:\/\/www.vaticannews.va\/it\/chiesa\/news\/2026-06\/cammino-neocatecumenale-esperienza-missione.html\" target=\"_blank\" rel=\"noreferrer noopener\">Un prete di Miami in missione per annunciare il Vangelo: &#8222;Ha arricchito il mio ministero&#8221;<\/a><\/h5>\n<\/div>\n<\/div>\n\n<div style=\"height:60px\" aria-hidden=\"true\" class=\"wp-block-spacer\"><\/div>\n\n<div class=\"wp-block-columns are-vertically-aligned-center is-layout-flex wp-container-core-columns-is-layout-8f761849 wp-block-columns-is-layout-flex\">\n<div class=\"wp-block-column is-vertically-aligned-center is-layout-flow wp-block-column-is-layout-flow\">\n<figure class=\"wp-block-embed is-type-video is-provider-youtube wp-block-embed-youtube wp-embed-aspect-16-9 wp-has-aspect-ratio\"><div class=\"wp-block-embed__wrapper\">\r\n<iframe loading=\"lazy\" title=\"Un sacerdote de Curazao: \u00abEn la misi\u00f3n hemos visto la Providencia\u00bb\" width=\"640\" height=\"360\" src=\"https:\/\/www.youtube-nocookie.com\/embed\/MuYJCjdAmsc?feature=oembed\" frameborder=\"0\" allow=\"accelerometer; autoplay; clipboard-write; encrypted-media; gyroscope; picture-in-picture; web-share\" referrerpolicy=\"strict-origin-when-cross-origin\" allowfullscreen><\/iframe>\r\n<\/div><\/figure><br>\n<\/div>\n\n\n\n<div class=\"wp-block-column is-vertically-aligned-center is-layout-flow wp-block-column-is-layout-flow\">\n<figure class=\"wp-block-embed is-type-video is-provider-youtube wp-block-embed-youtube wp-embed-aspect-16-9 wp-has-aspect-ratio\"><div class=\"wp-block-embed__wrapper\">\r\n<iframe loading=\"lazy\" title=\"Un sacerdote di Miami racconta la missione di annuncio del Vangelo a due a due\" width=\"640\" height=\"360\" src=\"https:\/\/www.youtube-nocookie.com\/embed\/B7pB6G4VEN0?feature=oembed\" frameborder=\"0\" allow=\"accelerometer; autoplay; clipboard-write; encrypted-media; gyroscope; picture-in-picture; web-share\" referrerpolicy=\"strict-origin-when-cross-origin\" allowfullscreen><\/iframe>\r\n<\/div><\/figure><br>\n<\/div>\n<\/div>\n\n<div style=\"height:100px\" aria-hidden=\"true\" class=\"wp-block-spacer\"><\/div>\n","protected":false},"excerpt":{"rendered":"<p>\u0160\u012fryt 800 Amerikos \u201eRedemptoris Mater\u201c seminarij\u0173 (\u0160iaur\u0117s, Centrin\u0117s ir Piet\u0173) kunig\u0173 kartu su savo \u0161ali\u0173 formatoriais ir keliaujan\u010diais katechetais dalyvavo Bendrojoje sal\u0117je kartu su popie\u017eiumi Leonu, gr\u012f\u017e\u0119 i\u0161 misijos Italijos parapijose, skelbdami Evangelij\u0105 be pinigini\u0173, pinig\u0173 ir mobili\u0173j\u0173 telefon\u0173. Popie\u017eiaus katechez\u0117je buvo komentuojama Vatikano II Susirinkimo apa\u0161tali\u0161koji konstitucija \u201eSacrosanctum Concilium\u201c apie liturgij\u0105 ir pakviesta krik\u0161\u010dionis pilnatvi\u0161kai patirti Eucharistij\u0105, tinkamai pasiruo\u0161us ir patyrus vis\u0105 Dievo \u017eod\u017eio turtingum\u0105, pasinaudojant po Susirinkimo parengtais<\/p>\n<div class=\"read-more\"><a class=\"btn read-more-btn\" href=\"https:\/\/neocatechumenaleiter.org\/lt\/popiezius-leonas-meiliai-sveikina-neokatechumenatinio-kelio-kunigus-baigiantis-audiencijai-sv-jono-krikstytojo-sventes-proga\/\">Skaityti vis\u0105<\/a><\/div>\n","protected":false},"author":2,"featured_media":0,"comment_status":"closed","ping_status":"closed","sticky":false,"template":"","format":"standard","meta":{"footnotes":""},"categories":[1485,1893,1922,1894,1141],"tags":[],"class_list":["post-51100","post","type-post","status-publish","format-standard","hentry","category-audiencijos","category-keliaujantys-katechetai","category-kunigai","category-popiezius-leonas-xiv","category-pranesimai"],"_links":{"self":[{"href":"https:\/\/neocatechumenaleiter.org\/lt\/wp-json\/wp\/v2\/posts\/51100","targetHints":{"allow":["GET"]}}],"collection":[{"href":"https:\/\/neocatechumenaleiter.org\/lt\/wp-json\/wp\/v2\/posts"}],"about":[{"href":"https:\/\/neocatechumenaleiter.org\/lt\/wp-json\/wp\/v2\/types\/post"}],"author":[{"embeddable":true,"href":"https:\/\/neocatechumenaleiter.org\/lt\/wp-json\/wp\/v2\/users\/2"}],"replies":[{"embeddable":true,"href":"https:\/\/neocatechumenaleiter.org\/lt\/wp-json\/wp\/v2\/comments?post=51100"}],"version-history":[{"count":1,"href":"https:\/\/neocatechumenaleiter.org\/lt\/wp-json\/wp\/v2\/posts\/51100\/revisions"}],"predecessor-version":[{"id":51102,"href":"https:\/\/neocatechumenaleiter.org\/lt\/wp-json\/wp\/v2\/posts\/51100\/revisions\/51102"}],"wp:attachment":[{"href":"https:\/\/neocatechumenaleiter.org\/lt\/wp-json\/wp\/v2\/media?parent=51100"}],"wp:term":[{"taxonomy":"category","embeddable":true,"href":"https:\/\/neocatechumenaleiter.org\/lt\/wp-json\/wp\/v2\/categories?post=51100"},{"taxonomy":"post_tag","embeddable":true,"href":"https:\/\/neocatechumenaleiter.org\/lt\/wp-json\/wp\/v2\/tags?post=51100"}],"curies":[{"name":"wp","href":"https:\/\/api.w.org\/{rel}","templated":true}]}}