{"id":51103,"date":"2026-06-22T01:39:46","date_gmt":"2026-06-22T00:39:46","guid":{"rendered":"https:\/\/neocatechumenaleiter.org\/kiko-arguello-loreto-mergele-ir-nekaltuju-simfonija\/"},"modified":"2026-09-03T06:56:59","modified_gmt":"2026-09-03T05:56:59","slug":"kiko-arguello-loreto-mergele-ir-nekaltuju-simfonija","status":"publish","type":"post","link":"https:\/\/neocatechumenaleiter.org\/lt\/kiko-arguello-loreto-mergele-ir-nekaltuju-simfonija\/","title":{"rendered":"Kiko Arg\u00fcello \u201eLoreto Mergel\u0117 ir Nekalt\u0173j\u0173 simfonija\u201c"},"content":{"rendered":"\n<div class=\"wp-block-columns are-vertically-aligned-center is-layout-flex wp-container-core-columns-is-layout-8f761849 wp-block-columns-is-layout-flex\">\n<div class=\"wp-block-column is-vertically-aligned-center is-layout-flow wp-block-column-is-layout-flow\"><div class=\"wp-block-image\">\n<figure class=\"aligncenter size-large\"><a href=\"https:\/\/youtube.com\/live\/vKz_BXRHHL8\"><img loading=\"lazy\" decoding=\"async\" width=\"1024\" height=\"684\" src=\"https:\/\/neocatechumenaleiter.org\/wp-content\/uploads\/2026\/06\/camino-neocatecumenal-obra-sinfonica-kiko-arguello-macerata-2026-21jun-joaquin-panzerini-24-1024x684.jpg\" alt=\"Kiko Arg\u00fcello simfonin\u0117 opera bus atlikta \u201eSferisterio\u201c arenoje Ma\u010deratoje 2026 m. bir\u017eelio 21 d.\" class=\"wp-image-50260\" srcset=\"https:\/\/neocatechumenaleiter.org\/wp-content\/uploads\/2026\/06\/camino-neocatecumenal-obra-sinfonica-kiko-arguello-macerata-2026-21jun-joaquin-panzerini-24-1024x684.jpg 1024w, https:\/\/neocatechumenaleiter.org\/wp-content\/uploads\/2026\/06\/camino-neocatecumenal-obra-sinfonica-kiko-arguello-macerata-2026-21jun-joaquin-panzerini-24-300x200.jpg 300w, https:\/\/neocatechumenaleiter.org\/wp-content\/uploads\/2026\/06\/camino-neocatecumenal-obra-sinfonica-kiko-arguello-macerata-2026-21jun-joaquin-panzerini-24-768x513.jpg 768w, https:\/\/neocatechumenaleiter.org\/wp-content\/uploads\/2026\/06\/camino-neocatecumenal-obra-sinfonica-kiko-arguello-macerata-2026-21jun-joaquin-panzerini-24-1536x1025.jpg 1536w, https:\/\/neocatechumenaleiter.org\/wp-content\/uploads\/2026\/06\/camino-neocatecumenal-obra-sinfonica-kiko-arguello-macerata-2026-21jun-joaquin-panzerini-24-2048x1367.jpg 2048w\" sizes=\"auto, (max-width: 1024px) 100vw, 1024px\" \/><\/a><\/figure>\n<\/div>\n\n\n<div style=\"height:30px\" aria-hidden=\"true\" class=\"wp-block-spacer\"><\/div>\n\n\n<div class=\"wp-block-image\">\n<figure class=\"aligncenter size-medium\"><a href=\"https:\/\/youtube.com\/live\/vKz_BXRHHL8\"><img loading=\"lazy\" decoding=\"async\" width=\"300\" height=\"187\" src=\"https:\/\/neocatechumenaleiter.org\/wp-content\/uploads\/2025\/05\/YouTube773x481-neocatechumenaleiter-1-300x187.png\" alt=\"Neokatechumenatinio kelio kanalas YouTube\" class=\"wp-image-41265\" srcset=\"https:\/\/neocatechumenaleiter.org\/wp-content\/uploads\/2025\/05\/YouTube773x481-neocatechumenaleiter-1-300x187.png 300w, https:\/\/neocatechumenaleiter.org\/wp-content\/uploads\/2025\/05\/YouTube773x481-neocatechumenaleiter-1-768x478.png 768w, https:\/\/neocatechumenaleiter.org\/wp-content\/uploads\/2025\/05\/YouTube773x481-neocatechumenaleiter-1.png 773w\" sizes=\"auto, (max-width: 300px) 100vw, 300px\" \/><\/a><\/figure>\n<\/div><\/div>\n\n\n\n<div class=\"wp-block-column is-vertically-aligned-center is-layout-flow wp-block-column-is-layout-flow\"><div class=\"wp-block-image\">\n<figure class=\"aligncenter size-large\"><a href=\"https:\/\/youtu.be\/6MyzUk2yWPI?is=nh05dl8zcAMcQWFV\"><img loading=\"lazy\" decoding=\"async\" width=\"1024\" height=\"473\" src=\"https:\/\/neocatechumenaleiter.org\/wp-content\/uploads\/2026\/06\/camino-neocatecumenal-obra-sinfonica-loreto-macerata-2026-04-1024x473.jpg\" alt=\"Kiko Arg\u00fcello simfoninis k\u016brinys Loreto nam\u0173 \u0161ventov\u0117je, 2026 m. bir\u017eelio 19 d.\" class=\"wp-image-50146\" srcset=\"https:\/\/neocatechumenaleiter.org\/wp-content\/uploads\/2026\/06\/camino-neocatecumenal-obra-sinfonica-loreto-macerata-2026-04-1024x473.jpg 1024w, https:\/\/neocatechumenaleiter.org\/wp-content\/uploads\/2026\/06\/camino-neocatecumenal-obra-sinfonica-loreto-macerata-2026-04-300x139.jpg 300w, https:\/\/neocatechumenaleiter.org\/wp-content\/uploads\/2026\/06\/camino-neocatecumenal-obra-sinfonica-loreto-macerata-2026-04-768x355.jpg 768w, https:\/\/neocatechumenaleiter.org\/wp-content\/uploads\/2026\/06\/camino-neocatecumenal-obra-sinfonica-loreto-macerata-2026-04-1536x710.jpg 1536w, https:\/\/neocatechumenaleiter.org\/wp-content\/uploads\/2026\/06\/camino-neocatecumenal-obra-sinfonica-loreto-macerata-2026-04.jpg 2000w\" sizes=\"auto, (max-width: 1024px) 100vw, 1024px\" \/><\/a><\/figure>\n<\/div>\n\n\n<div style=\"height:30px\" aria-hidden=\"true\" class=\"wp-block-spacer\"><\/div>\n\n\n<div class=\"wp-block-image\">\n<figure class=\"aligncenter size-medium\"><a href=\"https:\/\/youtu.be\/6MyzUk2yWPI?is=nh05dl8zcAMcQWFV\"><img loading=\"lazy\" decoding=\"async\" width=\"300\" height=\"187\" src=\"https:\/\/neocatechumenaleiter.org\/wp-content\/uploads\/2025\/05\/YouTube773x481-neocatechumenaleiter-1-300x187.png\" alt=\"Neokatechumenatinio kelio kanalas YouTube\" class=\"wp-image-41265\" srcset=\"https:\/\/neocatechumenaleiter.org\/wp-content\/uploads\/2025\/05\/YouTube773x481-neocatechumenaleiter-1-300x187.png 300w, https:\/\/neocatechumenaleiter.org\/wp-content\/uploads\/2025\/05\/YouTube773x481-neocatechumenaleiter-1-768x478.png 768w, https:\/\/neocatechumenaleiter.org\/wp-content\/uploads\/2025\/05\/YouTube773x481-neocatechumenaleiter-1.png 773w\" sizes=\"auto, (max-width: 300px) 100vw, 300px\" \/><\/a><\/figure>\n<\/div><\/div>\n<\/div>\n\n<div style=\"height:60px\" aria-hidden=\"true\" class=\"wp-block-spacer\"><\/div>\n\n<hr class=\"wp-block-separator has-alpha-channel-opacity\" \/>\n\n<div style=\"height:60px\" aria-hidden=\"true\" class=\"wp-block-spacer\"><\/div>\n\n<h4 class=\"wp-block-heading has-text-align-center\">Joaqu\u00edn Panzerini <strong>nuotrauk\u0173 galerija<\/strong><\/h4>\n\n<div style=\"height:60px\" aria-hidden=\"true\" class=\"wp-block-spacer\"><\/div>\n\n<div class=\"wp-block-columns are-vertically-aligned-center is-layout-flex wp-container-core-columns-is-layout-8f761849 wp-block-columns-is-layout-flex\">\n<div class=\"wp-block-column is-vertically-aligned-center is-layout-flow wp-block-column-is-layout-flow\">\n<div class=\"wp-block-buttons is-content-justification-center is-layout-flex wp-container-core-buttons-is-layout-fe48e5de wp-block-buttons-is-layout-flex\">\n<div class=\"wp-block-button is-style-outline is-style-outline--1\"><a class=\"wp-block-button__link has-text-align-center wp-element-button\" href=\"https:\/\/joaquinp.gallery.aftershoot.com\/kiko-arg-ello-opera-sinfonica-la-sofferenza-degli-innocenti-el-mesias-macerata-21-06-2026\" target=\"_blank\" rel=\"noreferrer noopener\">Koncertas Ma\u010deratoje<\/a><\/div>\n<\/div>\n\n\n\n<div style=\"height:30px\" aria-hidden=\"true\" class=\"wp-block-spacer\"><\/div>\n<\/div>\n\n\n\n<div class=\"wp-block-column is-vertically-aligned-center is-layout-flow wp-block-column-is-layout-flow\">\n<div class=\"wp-block-buttons is-content-justification-center is-layout-flex wp-container-core-buttons-is-layout-fe48e5de wp-block-buttons-is-layout-flex\">\n<div class=\"wp-block-button\"><a class=\"wp-block-button__link has-text-align-center wp-element-button\" href=\"https:\/\/joaquinp.gallery.aftershoot.com\/kiko-arg-ello-opera-sinfonica-la-sofferenza-degli-innocenti-el-mesias-loreto-19-06-2026\" target=\"_blank\" rel=\"noreferrer noopener\">Koncertas Loreto mieste<\/a><\/div>\n<\/div>\n\n\n\n<div style=\"height:30px\" aria-hidden=\"true\" class=\"wp-block-spacer\"><\/div>\n<\/div>\n<\/div>\n\n<div style=\"height:60px\" aria-hidden=\"true\" class=\"wp-block-spacer\"><\/div>\n\n<hr class=\"wp-block-separator aligncenter has-alpha-channel-opacity is-style-wide\" \/>\n\n<div style=\"height:60px\" aria-hidden=\"true\" class=\"wp-block-spacer\"><\/div>\n<div class=\"wp-block-image\">\n<figure data-wp-context=\"{&quot;imageId&quot;:&quot;6a9a7e9f91bf5&quot;}\" data-wp-interactive=\"core\/image\" data-wp-key=\"6a9a7e9f91bf5\" class=\"aligncenter size-large wp-lightbox-container\"><img loading=\"lazy\" decoding=\"async\" width=\"1024\" height=\"473\" data-wp-class--hide=\"state.isContentHidden\" data-wp-class--show=\"state.isContentVisible\" data-wp-init=\"callbacks.setButtonStyles\" data-wp-on--click=\"actions.showLightbox\" data-wp-on--load=\"callbacks.setButtonStyles\" data-wp-on--pointerdown=\"actions.preloadImage\" data-wp-on--pointerenter=\"actions.preloadImageWithDelay\" data-wp-on--pointerleave=\"actions.cancelPreload\" data-wp-on-window--resize=\"callbacks.setButtonStyles\" src=\"https:\/\/neocatechumenaleiter.org\/wp-content\/uploads\/2026\/06\/camino-neocatecumenal-obra-sinfonica-loreto-macerata-2026-04-1024x473.jpg\" alt=\"Kiko Arg\u00fcello simfoninis k\u016brinys Loreto nam\u0173 \u0161ventov\u0117je, 2026 m. bir\u017eelio 19 d.\" class=\"wp-image-50146\" srcset=\"https:\/\/neocatechumenaleiter.org\/wp-content\/uploads\/2026\/06\/camino-neocatecumenal-obra-sinfonica-loreto-macerata-2026-04-1024x473.jpg 1024w, https:\/\/neocatechumenaleiter.org\/wp-content\/uploads\/2026\/06\/camino-neocatecumenal-obra-sinfonica-loreto-macerata-2026-04-300x139.jpg 300w, https:\/\/neocatechumenaleiter.org\/wp-content\/uploads\/2026\/06\/camino-neocatecumenal-obra-sinfonica-loreto-macerata-2026-04-768x355.jpg 768w, https:\/\/neocatechumenaleiter.org\/wp-content\/uploads\/2026\/06\/camino-neocatecumenal-obra-sinfonica-loreto-macerata-2026-04-1536x710.jpg 1536w, https:\/\/neocatechumenaleiter.org\/wp-content\/uploads\/2026\/06\/camino-neocatecumenal-obra-sinfonica-loreto-macerata-2026-04.jpg 2000w\" sizes=\"auto, (max-width: 1024px) 100vw, 1024px\" \/><button\n\t\t\tclass=\"lightbox-trigger\"\n\t\t\ttype=\"button\"\n\t\t\taria-haspopup=\"dialog\"\n\t\t\tdata-wp-bind--aria-label=\"state.thisImage.triggerButtonAriaLabel\"\n\t\t\tdata-wp-init=\"callbacks.initTriggerButton\"\n\t\t\tdata-wp-on--click=\"actions.showLightbox\"\n\t\t\tdata-wp-style--right=\"state.thisImage.buttonRight\"\n\t\t\tdata-wp-style--top=\"state.thisImage.buttonTop\"\n\t\t>\n\t\t\t<svg xmlns=\"http:\/\/www.w3.org\/2000\/svg\" width=\"12\" height=\"12\" fill=\"none\" viewBox=\"0 0 12 12\">\n\t\t\t\t<path fill=\"#fff\" d=\"M2 0a2 2 0 0 0-2 2v2h1.5V2a.5.5 0 0 1 .5-.5h2V0H2Zm2 10.5H2a.5.5 0 0 1-.5-.5V8H0v2a2 2 0 0 0 2 2h2v-1.5ZM8 12v-1.5h2a.5.5 0 0 0 .5-.5V8H12v2a2 2 0 0 1-2 2H8Zm2-12a2 2 0 0 1 2 2v2h-1.5V2a.5.5 0 0 0-.5-.5H8V0h2Z\" \/>\n\t\t\t<\/svg>\n\t\t<\/button><\/figure>\n<\/div>\n<div style=\"height:30px\" aria-hidden=\"true\" class=\"wp-block-spacer\"><\/div>\n\n<p class=\"wp-block-paragraph\">\u012esp\u016bdingoje Loreto aik\u0161t\u0117s prie\u0161ais \u0160vent\u0173j\u0173 Nam\u0173 bazilik\u0105 aplinkoje, 2026 m. bir\u017eelio 19 d., penktadienio vakar\u0105, saulei leid\u017eiantis, \u012fvyko i\u0161skirtinis, daugiaprasmis \u012fvykis, kur\u012f sustiprino dirigento gestas, kuris, prad\u0117damas paskutinio k\u016brinio, skirto Marijai, \u201ebisal\u0105\u201c, pak\u0117l\u0117 rank\u0105 \u012f dang\u0173, tarsi nor\u0117damas j\u0105 atverti, kad \u010dia b\u016bt\u0173 \u0160ven\u010diausioji Mergel\u0117.<\/p>\n\n<p class=\"wp-block-paragraph\">Dalyvaujant Kiko Arg\u00fcello (kuris, \u012f\u017eeng\u0119s \u012f aik\u0161t\u0119, buvo sutiktas su didele meile ir plojimais), kunigui Mario Pezzi ir Ascensi\u00f3nui Romero, tarptautinei komandai, atsakingai u\u017e Neokatechumenatin\u012f keli\u0105, 800 kunig\u0173, pastaraisiais metais i\u0161kilusi\u0173 i\u0161 38 Amerikos vyskupijos misij\u0173 seminarij\u0173 \u201eRedemptoris Mater\u201c, lydimiems keliaujan\u010di\u0173j\u0173 komand\u0173, atsaking\u0173 u\u017e \u012fvairias Amerikos \u0161alis, ir dalyvaujant Jo Ekscelencijai arkivyskupui Fabio Dal Cinui, popie\u017ei\u0161kajam delegatui \u0160ventuosiuose Loreto namuose, jo generaliniam vikarui, \u0160vent\u0173j\u0173 nam\u0173 rektoriui bei keliems kapucin\u0173 broliams, buvo atlikta dviguba katechetin\u0117-simfonin\u0117 kompozicija \u201eNekalt\u0173j\u0173 kan\u010dia\u201c ir \u201eEl Mes\u00edas\u201c \u2013 du Kiko Arg\u00fcello simfoniniai k\u016briniai.<\/p>\n\n<div style=\"height:30px\" aria-hidden=\"true\" class=\"wp-block-spacer\"><\/div>\n<div class=\"wp-block-image\">\n<figure class=\"aligncenter size-full\"><a href=\"https:\/\/www.vaticannews.va\/es\/iglesia\/news\/2026-06\/camino-neocatecumenal-800-sacerdotes-en-mision-en-italia.html\" target=\"_blank\" rel=\" noreferrer noopener\"><img loading=\"lazy\" decoding=\"async\" width=\"424\" height=\"161\" src=\"https:\/\/neocatechumenaleiter.org\/wp-content\/uploads\/2026\/01\/camino-neocatecumenal-vatican-news-icon.jpg\" alt=\"Neokatechumenato kelio Vatican News ikona\" class=\"wp-image-46813\" srcset=\"https:\/\/neocatechumenaleiter.org\/wp-content\/uploads\/2026\/01\/camino-neocatecumenal-vatican-news-icon.jpg 424w, https:\/\/neocatechumenaleiter.org\/wp-content\/uploads\/2026\/01\/camino-neocatecumenal-vatican-news-icon-300x114.jpg 300w\" sizes=\"auto, (max-width: 424px) 100vw, 424px\" \/><\/a><figcaption class=\"wp-element-caption\">Neokatechumenatinis kelias: 800 kunig\u0173 misijoje Italijoje skelbti Evangelij\u0105 &#8211; Debora Donnini<\/figcaption><\/figure>\n<\/div>\n<div style=\"height:60px\" aria-hidden=\"true\" class=\"wp-block-spacer\"><\/div>\n\n<p class=\"wp-block-paragraph\">\u201eNekalt\u0173j\u0173 kan\u010dia\u201c (2010 m.) jau buvo atlikta did\u017eiuosiuose pasaulio teatruose, koncert\u0173 sal\u0117se, aik\u0161t\u0117se ir katedrose: Jeruzal\u0117je, Romoje, Madride, Niujorke, \u010cikagoje, Budape\u0161te, Tokijuje, Berlyne, Liubline, Au\u0161vice&#8230; \u201eEl Mes\u00edas\u201c premjera \u012fvyko 2023 m. Triesto \u201eTeatro Verdi\u201c teatre. 2025 m. bir\u017eelio 1 d., \u0160eim\u0173 jubiliejaus proga, Romos \u201eParco della Musica Ennio Morricone\u201c auditorijos \u201eSala Santa Cecilia\u201c sal\u0117je pirm\u0105 kart\u0105 publikai buvo pristatyta visa Kiko Arg\u00fcello k\u016bryba. V\u0117liau abi kompozicijos buvo atliktos Kordobos me\u010det\u0117je-katedroje, Ovjede ir Toledo katedroje.<\/p>\n\n<div style=\"height:30px\" aria-hidden=\"true\" class=\"wp-block-spacer\"><\/div>\n<div class=\"wp-block-image\">\n<figure data-wp-context=\"{&quot;imageId&quot;:&quot;6a9a7e9f928ed&quot;}\" data-wp-interactive=\"core\/image\" data-wp-key=\"6a9a7e9f928ed\" class=\"aligncenter size-large wp-lightbox-container\"><img loading=\"lazy\" decoding=\"async\" width=\"1024\" height=\"473\" data-wp-class--hide=\"state.isContentHidden\" data-wp-class--show=\"state.isContentVisible\" data-wp-init=\"callbacks.setButtonStyles\" data-wp-on--click=\"actions.showLightbox\" data-wp-on--load=\"callbacks.setButtonStyles\" data-wp-on--pointerdown=\"actions.preloadImage\" data-wp-on--pointerenter=\"actions.preloadImageWithDelay\" data-wp-on--pointerleave=\"actions.cancelPreload\" data-wp-on-window--resize=\"callbacks.setButtonStyles\" src=\"https:\/\/neocatechumenaleiter.org\/wp-content\/uploads\/2026\/06\/camino-neocatecumenal-obra-sinfonica-loreto-macerata-2026-07-1024x473.jpg\" alt=\"Kiko Arg\u00fcello simfoninis k\u016brinys Loreto nam\u0173 \u0161ventov\u0117je, 2026 m. bir\u017eelio 19 d.\" class=\"wp-image-50240\" srcset=\"https:\/\/neocatechumenaleiter.org\/wp-content\/uploads\/2026\/06\/camino-neocatecumenal-obra-sinfonica-loreto-macerata-2026-07-1024x473.jpg 1024w, https:\/\/neocatechumenaleiter.org\/wp-content\/uploads\/2026\/06\/camino-neocatecumenal-obra-sinfonica-loreto-macerata-2026-07-300x139.jpg 300w, https:\/\/neocatechumenaleiter.org\/wp-content\/uploads\/2026\/06\/camino-neocatecumenal-obra-sinfonica-loreto-macerata-2026-07-768x355.jpg 768w, https:\/\/neocatechumenaleiter.org\/wp-content\/uploads\/2026\/06\/camino-neocatecumenal-obra-sinfonica-loreto-macerata-2026-07-1536x710.jpg 1536w, https:\/\/neocatechumenaleiter.org\/wp-content\/uploads\/2026\/06\/camino-neocatecumenal-obra-sinfonica-loreto-macerata-2026-07.jpg 2000w\" sizes=\"auto, (max-width: 1024px) 100vw, 1024px\" \/><button\n\t\t\tclass=\"lightbox-trigger\"\n\t\t\ttype=\"button\"\n\t\t\taria-haspopup=\"dialog\"\n\t\t\tdata-wp-bind--aria-label=\"state.thisImage.triggerButtonAriaLabel\"\n\t\t\tdata-wp-init=\"callbacks.initTriggerButton\"\n\t\t\tdata-wp-on--click=\"actions.showLightbox\"\n\t\t\tdata-wp-style--right=\"state.thisImage.buttonRight\"\n\t\t\tdata-wp-style--top=\"state.thisImage.buttonTop\"\n\t\t>\n\t\t\t<svg xmlns=\"http:\/\/www.w3.org\/2000\/svg\" width=\"12\" height=\"12\" fill=\"none\" viewBox=\"0 0 12 12\">\n\t\t\t\t<path fill=\"#fff\" d=\"M2 0a2 2 0 0 0-2 2v2h1.5V2a.5.5 0 0 1 .5-.5h2V0H2Zm2 10.5H2a.5.5 0 0 1-.5-.5V8H0v2a2 2 0 0 0 2 2h2v-1.5ZM8 12v-1.5h2a.5.5 0 0 0 .5-.5V8H12v2a2 2 0 0 1-2 2H8Zm2-12a2 2 0 0 1 2 2v2h-1.5V2a.5.5 0 0 0-.5-.5H8V0h2Z\" \/>\n\t\t\t<\/svg>\n\t\t<\/button><\/figure>\n<\/div>\n<div style=\"height:30px\" aria-hidden=\"true\" class=\"wp-block-spacer\"><\/div>\n\n<p class=\"wp-block-paragraph\">Pirmoji ypatinga reik\u0161m\u0117 slypi 800 Amerikos kunig\u0173, susirinkusi\u0173 Neokatechumenato centre Porto San D\u017eord\u017ee, netoli Loreto, dalyvavime ugdymo ir evangelizacijos patyrimui. Kit\u0105 dien\u0105 jie visi po du i\u0161vyko aplankyti beveik vis\u0173 Italijos vyskupij\u0173, ne\u0161dami kerigmos \u017eini\u0105 ir krik\u0161\u010dioni\u0161kosios iniciacijos gro\u017e\u012f, kuris pasiek\u0117 ir pakeit\u0117 j\u0173 gyvenimus per Neokatechumenato keli\u0105.<\/p>\n\n<p class=\"wp-block-paragraph\">\u0160iais pranci\u0161kon\u0173 metais, minint 800-\u0105sias \u0161ventojo Pranci\u0161kaus Asy\u017eie\u010dio mirties metines, Kelio iniciatoriai kartu su \u0161iais 800 kunig\u0173 nor\u0117jo i\u0161 naujo pasi\u016blyti vien\u0105 i\u0161 \u0161ventajam Pranci\u0161kui b\u016bding\u0173 metod\u0173, kuris, sekdamas Kristaus pavyzd\u017eiu, po du siunt\u0117 savo brolius skelbti Evangelijos.<\/p>\n\n<div style=\"height:30px\" aria-hidden=\"true\" class=\"wp-block-spacer\"><\/div>\n\n<div class=\"wp-block-columns are-vertically-aligned-center is-layout-flex wp-container-core-columns-is-layout-8f761849 wp-block-columns-is-layout-flex\">\n<div class=\"wp-block-column is-vertically-aligned-center is-layout-flow wp-block-column-is-layout-flow\">\n<figure class=\"wp-block-embed is-type-video is-provider-youtube wp-block-embed-youtube wp-embed-aspect-16-9 wp-has-aspect-ratio\"><div class=\"wp-block-embed__wrapper\">https:\/\/youtu.be\/lhJ0nBwfwj8?si=Ex1PZkv3FIrHELcQ<\/div><\/figure><p><br><\/p>\n<\/div>\n\n\n\n<div class=\"wp-block-column is-vertically-aligned-center is-layout-flow wp-block-column-is-layout-flow\">\n<figure class=\"wp-block-embed is-type-video is-provider-youtube wp-block-embed-youtube wp-embed-aspect-16-9 wp-has-aspect-ratio\"><div class=\"wp-block-embed__wrapper\">https:\/\/youtu.be\/fcZSR1FIuO4?is=DCbyQPrTAo9fL0x-<\/div><\/figure><p><br><\/p>\n<\/div>\n<\/div>\n\n<div style=\"height:30px\" aria-hidden=\"true\" class=\"wp-block-spacer\"><\/div>\n\n<p class=\"wp-block-paragraph\">Kita i\u0161skirtin\u0117 renginio reik\u0161m\u0117 \u2013 60-osios Kelio prad\u017eios Madrido vyskupijoje metin\u0117s, kai gegu\u017e\u0117s pabaigoje buvo surengtas min\u0117jimas, skirtas \u0161iam faktui pamin\u0117ti: i\u0161 tos ma\u017eos s\u0117klos, i\u0161dygusios Madrido pakra\u0161tyje, Palomeras Altas, vienoje skurd\u017eiausi\u0173 ir labiausiai apleist\u0173 viet\u0173, pama\u017eu i\u0161sivyst\u0117 krik\u0161\u010dioni\u0161kosios iniciacijos forma. \u0160\u012f metod\u0105 galutinai patvirtino \u0160ventasis Sostas, ir dabar jis taikomas 138 \u0161alyse penkiuose \u017eemynuose, kuriose yra daugiau nei 21 000 bendruomeni\u0173. Jis prisid\u0117jo prie 115 \u201eRedemptoris Mater\u201c seminarij\u0173 \u012fk\u016brimo tiek pat vyskupij\u0173 visame pasaulyje, kuriose jau \u012f\u0161ventinta apie 3400 kunig\u0173.<\/p>\n\n<div style=\"height:30px\" aria-hidden=\"true\" class=\"wp-block-spacer\"><\/div>\n\n<div class=\"wp-block-columns are-vertically-aligned-center is-layout-flex wp-container-core-columns-is-layout-8f761849 wp-block-columns-is-layout-flex\">\n<div class=\"wp-block-column is-vertically-aligned-center is-layout-flow wp-block-column-is-layout-flow\">\n<figure class=\"wp-block-embed is-type-wp-embed is-provider-camino-neocatecumenal wp-block-embed-camino-neocatecumenal\"><div class=\"wp-block-embed__wrapper\">https:\/\/neocatechumenaleiter.org\/gratitud-jubilosa-de-los-hermanos-del-camino-neocatecumenal\/<\/div><\/figure><p><br><\/p>\n<\/div>\n\n\n\n<div class=\"wp-block-column is-vertically-aligned-center is-layout-flow wp-block-column-is-layout-flow\">\n<figure class=\"wp-block-embed is-type-wp-embed is-provider-camino-neocatecumenal wp-block-embed-camino-neocatecumenal\"><div class=\"wp-block-embed__wrapper\">https:\/\/neocatechumenaleiter.org\/60-anos-de-luz-del-camino-el-mensaje-de-cercania-y-gratitud-del-papa-leon-xiv\/<\/div><\/figure><p><br><\/p>\n<\/div>\n<\/div>\n\n<div style=\"height:30px\" aria-hidden=\"true\" class=\"wp-block-spacer\"><\/div>\n\n<p class=\"wp-block-paragraph\">\u0160\u012f darb\u0105 vainikavo tai, kad po keli\u0173 dien\u0173, v\u0117lgi Madride, buvo u\u017ebaigtas Dievo tarnait\u0117s Carmen Hern\u00e1ndez, Neokatechumenatinio kelio bendrainiciator\u0117s, beatifikacijos ir kanonizacijos bylos vyskupijos etapas.<\/p>\n\n<div style=\"height:30px\" aria-hidden=\"true\" class=\"wp-block-spacer\"><\/div>\n\n<div class=\"wp-block-buttons is-content-justification-center is-layout-flex wp-container-core-buttons-is-layout-fe48e5de wp-block-buttons-is-layout-flex\">\n<div class=\"wp-block-button is-style-fill\"><a class=\"wp-block-button__link has-text-align-center wp-element-button\" href=\"https:\/\/carmenhernandez.org\/causa-de-beatificacion-y-canonizacion-de-la-sierva-de-dios-carmen-hernandez\/\" target=\"_blank\" rel=\"noreferrer noopener\">Dievo tarnait\u0117s Carmen Hern\u00e1ndez beatifikacijos ir kanonizacijos byla<\/a><\/div>\n<\/div>\n\n<div style=\"height:60px\" aria-hidden=\"true\" class=\"wp-block-spacer\"><\/div>\n\n<p class=\"wp-block-paragraph\">Kitas ypa\u010d glaudus Kelio ir Loreto ry\u0161ys susij\u0119s su pa\u010dia Mergele. 1959 m. gruod\u017eio 8 d., dar prie\u0161 prasidedant visai \u0161iai ba\u017enytinei realybei, b\u016btent Ji apsirei\u0161k\u0117 dvide\u0161imtme\u010diui Kiko Arg\u00fcello jo kambaryje su vidine \u017einia, kuri patik\u0117jo jam \u012fgaliojim\u0105, tikr\u0105 misij\u0105: \u201eTurime kurti krik\u0161\u010dioni\u0161kas bendruomenes, tokias kaip \u0160ventoji Nazareto \u0160eima, kurios gyvent\u0173 nuolankume, paprastume ir \u0161lovinime. Kita yra Kristus.\u201c \u0160ie \u017eod\u017eiai tapo viso Neokatechumenatinio kelio kertiniu akmeniu, nurodan\u010diu tris jo konstitucinius etapus: nuolankumo, paprastumo ir \u0161lovinimo etapus. Kelias su Loretu susij\u0119s ir d\u0117l kitos prie\u017easties: yra konkretus etapas, kurio metu kiekviena bendruomen\u0117 keliauja \u012f Rom\u0105, prie apa\u0161tal\u0173 kapo, kad atnaujint\u0173 ir i\u0161bandyt\u0173 savo tik\u0117jim\u0105, ir kartu su Roma apsilanko Lorete, kad priimt\u0173 Marij\u0105 i\u0161 Kristaus kaip savo Motin\u0105.<\/p>\n\n<p class=\"wp-block-paragraph\">Greta \u0161i\u0173 rengini\u0173, siejan\u010di\u0173 Keli\u0105 su Loretu, yra ir dar vienas ypatingas bruo\u017eas: Neokatechumenatinio kelio orkestras ir choras, kuriuos sudaro atitinkamai 100 muzikant\u0173 ir daugiau nei 100 daininink\u0173, kurie, vadovaujami meistri\u0161ko dirigento Tom\u00e1\u0161o Hanuso, brolio i\u0161 \u010cekijos Respublikos, turin\u010dio didel\u0119 profesin\u0119 patirt\u012f, pasirodymo metu atidav\u0117 visas j\u0117gas.<\/p>\n\n<div style=\"height:30px\" aria-hidden=\"true\" class=\"wp-block-spacer\"><\/div>\n\n<figure data-wp-context=\"{&quot;galleryId&quot;:&quot;6a9a7e9f935b5&quot;}\" data-wp-interactive=\"core\/gallery\" class=\"wp-block-gallery aligncenter has-nested-images columns-2 is-cropped wp-block-gallery-2 is-layout-flex wp-block-gallery-is-layout-flex\">\n<figure data-wp-context=\"{&quot;imageId&quot;:&quot;6a9a7e9f93b85&quot;}\" data-wp-interactive=\"core\/image\" data-wp-key=\"6a9a7e9f93b85\" class=\"wp-block-image size-large wp-lightbox-container\"><img loading=\"lazy\" decoding=\"async\" width=\"1024\" height=\"473\" data-wp-class--hide=\"state.isContentHidden\" data-wp-class--show=\"state.isContentVisible\" data-wp-init=\"callbacks.setButtonStyles\" data-wp-on--click=\"actions.showLightbox\" data-wp-on--load=\"callbacks.setButtonStyles\" data-wp-on--pointerdown=\"actions.preloadImage\" data-wp-on--pointerenter=\"actions.preloadImageWithDelay\" data-wp-on--pointerleave=\"actions.cancelPreload\" data-wp-on-window--resize=\"callbacks.setButtonStyles\" data-id=\"50147\" src=\"https:\/\/neocatechumenaleiter.org\/wp-content\/uploads\/2026\/06\/camino-neocatecumenal-obra-sinfonica-loreto-macerata-2026-01-1024x473.jpg\" alt=\"Kiko Arg\u00fcello simfoninis k\u016brinys Loreto nam\u0173 \u0161ventov\u0117je, 2026 m. bir\u017eelio 19 d.\" class=\"wp-image-50147\" srcset=\"https:\/\/neocatechumenaleiter.org\/wp-content\/uploads\/2026\/06\/camino-neocatecumenal-obra-sinfonica-loreto-macerata-2026-01-1024x473.jpg 1024w, https:\/\/neocatechumenaleiter.org\/wp-content\/uploads\/2026\/06\/camino-neocatecumenal-obra-sinfonica-loreto-macerata-2026-01-300x139.jpg 300w, https:\/\/neocatechumenaleiter.org\/wp-content\/uploads\/2026\/06\/camino-neocatecumenal-obra-sinfonica-loreto-macerata-2026-01-768x355.jpg 768w, https:\/\/neocatechumenaleiter.org\/wp-content\/uploads\/2026\/06\/camino-neocatecumenal-obra-sinfonica-loreto-macerata-2026-01-1536x710.jpg 1536w, https:\/\/neocatechumenaleiter.org\/wp-content\/uploads\/2026\/06\/camino-neocatecumenal-obra-sinfonica-loreto-macerata-2026-01.jpg 2000w\" sizes=\"auto, (max-width: 1024px) 100vw, 1024px\" \/><button\n\t\t\tclass=\"lightbox-trigger\"\n\t\t\ttype=\"button\"\n\t\t\taria-haspopup=\"dialog\"\n\t\t\tdata-wp-bind--aria-label=\"state.thisImage.triggerButtonAriaLabel\"\n\t\t\tdata-wp-init=\"callbacks.initTriggerButton\"\n\t\t\tdata-wp-on--click=\"actions.showLightbox\"\n\t\t\tdata-wp-style--right=\"state.thisImage.buttonRight\"\n\t\t\tdata-wp-style--top=\"state.thisImage.buttonTop\"\n\t\t>\n\t\t\t<svg xmlns=\"http:\/\/www.w3.org\/2000\/svg\" width=\"12\" height=\"12\" fill=\"none\" viewBox=\"0 0 12 12\">\n\t\t\t\t<path fill=\"#fff\" d=\"M2 0a2 2 0 0 0-2 2v2h1.5V2a.5.5 0 0 1 .5-.5h2V0H2Zm2 10.5H2a.5.5 0 0 1-.5-.5V8H0v2a2 2 0 0 0 2 2h2v-1.5ZM8 12v-1.5h2a.5.5 0 0 0 .5-.5V8H12v2a2 2 0 0 1-2 2H8Zm2-12a2 2 0 0 1 2 2v2h-1.5V2a.5.5 0 0 0-.5-.5H8V0h2Z\" \/>\n\t\t\t<\/svg>\n\t\t<\/button><\/figure>\n\n\n\n<figure data-wp-context=\"{&quot;imageId&quot;:&quot;6a9a7e9f94213&quot;}\" data-wp-interactive=\"core\/image\" data-wp-key=\"6a9a7e9f94213\" class=\"wp-block-image size-large wp-lightbox-container\"><img loading=\"lazy\" decoding=\"async\" width=\"1024\" height=\"473\" data-wp-class--hide=\"state.isContentHidden\" data-wp-class--show=\"state.isContentVisible\" data-wp-init=\"callbacks.setButtonStyles\" data-wp-on--click=\"actions.showLightbox\" data-wp-on--load=\"callbacks.setButtonStyles\" data-wp-on--pointerdown=\"actions.preloadImage\" data-wp-on--pointerenter=\"actions.preloadImageWithDelay\" data-wp-on--pointerleave=\"actions.cancelPreload\" data-wp-on-window--resize=\"callbacks.setButtonStyles\" data-id=\"50239\" src=\"https:\/\/neocatechumenaleiter.org\/wp-content\/uploads\/2026\/06\/camino-neocatecumenal-obra-sinfonica-loreto-macerata-2026-06-1024x473.jpg\" alt=\"Kiko Arg\u00fcello simfoninis k\u016brinys Loreto nam\u0173 \u0161ventov\u0117je, 2026 m. bir\u017eelio 19 d.\" class=\"wp-image-50239\" srcset=\"https:\/\/neocatechumenaleiter.org\/wp-content\/uploads\/2026\/06\/camino-neocatecumenal-obra-sinfonica-loreto-macerata-2026-06-1024x473.jpg 1024w, https:\/\/neocatechumenaleiter.org\/wp-content\/uploads\/2026\/06\/camino-neocatecumenal-obra-sinfonica-loreto-macerata-2026-06-300x139.jpg 300w, https:\/\/neocatechumenaleiter.org\/wp-content\/uploads\/2026\/06\/camino-neocatecumenal-obra-sinfonica-loreto-macerata-2026-06-768x355.jpg 768w, https:\/\/neocatechumenaleiter.org\/wp-content\/uploads\/2026\/06\/camino-neocatecumenal-obra-sinfonica-loreto-macerata-2026-06-1536x710.jpg 1536w, https:\/\/neocatechumenaleiter.org\/wp-content\/uploads\/2026\/06\/camino-neocatecumenal-obra-sinfonica-loreto-macerata-2026-06.jpg 2000w\" sizes=\"auto, (max-width: 1024px) 100vw, 1024px\" \/><button\n\t\t\tclass=\"lightbox-trigger\"\n\t\t\ttype=\"button\"\n\t\t\taria-haspopup=\"dialog\"\n\t\t\tdata-wp-bind--aria-label=\"state.thisImage.triggerButtonAriaLabel\"\n\t\t\tdata-wp-init=\"callbacks.initTriggerButton\"\n\t\t\tdata-wp-on--click=\"actions.showLightbox\"\n\t\t\tdata-wp-style--right=\"state.thisImage.buttonRight\"\n\t\t\tdata-wp-style--top=\"state.thisImage.buttonTop\"\n\t\t>\n\t\t\t<svg xmlns=\"http:\/\/www.w3.org\/2000\/svg\" width=\"12\" height=\"12\" fill=\"none\" viewBox=\"0 0 12 12\">\n\t\t\t\t<path fill=\"#fff\" d=\"M2 0a2 2 0 0 0-2 2v2h1.5V2a.5.5 0 0 1 .5-.5h2V0H2Zm2 10.5H2a.5.5 0 0 1-.5-.5V8H0v2a2 2 0 0 0 2 2h2v-1.5ZM8 12v-1.5h2a.5.5 0 0 0 .5-.5V8H12v2a2 2 0 0 1-2 2H8Zm2-12a2 2 0 0 1 2 2v2h-1.5V2a.5.5 0 0 0-.5-.5H8V0h2Z\" \/>\n\t\t\t<\/svg>\n\t\t<\/button><\/figure>\n\n\n\n<figure data-wp-context=\"{&quot;imageId&quot;:&quot;6a9a7e9f9482c&quot;}\" data-wp-interactive=\"core\/image\" data-wp-key=\"6a9a7e9f9482c\" class=\"wp-block-image size-large wp-lightbox-container\"><img loading=\"lazy\" decoding=\"async\" width=\"1024\" height=\"473\" data-wp-class--hide=\"state.isContentHidden\" data-wp-class--show=\"state.isContentVisible\" data-wp-init=\"callbacks.setButtonStyles\" data-wp-on--click=\"actions.showLightbox\" data-wp-on--load=\"callbacks.setButtonStyles\" data-wp-on--pointerdown=\"actions.preloadImage\" data-wp-on--pointerenter=\"actions.preloadImageWithDelay\" data-wp-on--pointerleave=\"actions.cancelPreload\" data-wp-on-window--resize=\"callbacks.setButtonStyles\" data-id=\"50145\" src=\"https:\/\/neocatechumenaleiter.org\/wp-content\/uploads\/2026\/06\/camino-neocatecumenal-obra-sinfonica-loreto-macerata-2026-02-1024x473.jpg\" alt=\"Kiko Arg\u00fcello simfoninis k\u016brinys Loreto nam\u0173 \u0161ventov\u0117je, 2026 m. bir\u017eelio 19 d.\" class=\"wp-image-50145\" srcset=\"https:\/\/neocatechumenaleiter.org\/wp-content\/uploads\/2026\/06\/camino-neocatecumenal-obra-sinfonica-loreto-macerata-2026-02-1024x473.jpg 1024w, https:\/\/neocatechumenaleiter.org\/wp-content\/uploads\/2026\/06\/camino-neocatecumenal-obra-sinfonica-loreto-macerata-2026-02-300x139.jpg 300w, https:\/\/neocatechumenaleiter.org\/wp-content\/uploads\/2026\/06\/camino-neocatecumenal-obra-sinfonica-loreto-macerata-2026-02-768x355.jpg 768w, https:\/\/neocatechumenaleiter.org\/wp-content\/uploads\/2026\/06\/camino-neocatecumenal-obra-sinfonica-loreto-macerata-2026-02-1536x710.jpg 1536w, https:\/\/neocatechumenaleiter.org\/wp-content\/uploads\/2026\/06\/camino-neocatecumenal-obra-sinfonica-loreto-macerata-2026-02.jpg 2000w\" sizes=\"auto, (max-width: 1024px) 100vw, 1024px\" \/><button\n\t\t\tclass=\"lightbox-trigger\"\n\t\t\ttype=\"button\"\n\t\t\taria-haspopup=\"dialog\"\n\t\t\tdata-wp-bind--aria-label=\"state.thisImage.triggerButtonAriaLabel\"\n\t\t\tdata-wp-init=\"callbacks.initTriggerButton\"\n\t\t\tdata-wp-on--click=\"actions.showLightbox\"\n\t\t\tdata-wp-style--right=\"state.thisImage.buttonRight\"\n\t\t\tdata-wp-style--top=\"state.thisImage.buttonTop\"\n\t\t>\n\t\t\t<svg xmlns=\"http:\/\/www.w3.org\/2000\/svg\" width=\"12\" height=\"12\" fill=\"none\" viewBox=\"0 0 12 12\">\n\t\t\t\t<path fill=\"#fff\" d=\"M2 0a2 2 0 0 0-2 2v2h1.5V2a.5.5 0 0 1 .5-.5h2V0H2Zm2 10.5H2a.5.5 0 0 1-.5-.5V8H0v2a2 2 0 0 0 2 2h2v-1.5ZM8 12v-1.5h2a.5.5 0 0 0 .5-.5V8H12v2a2 2 0 0 1-2 2H8Zm2-12a2 2 0 0 1 2 2v2h-1.5V2a.5.5 0 0 0-.5-.5H8V0h2Z\" \/>\n\t\t\t<\/svg>\n\t\t<\/button><\/figure>\n<\/figure>\n\n<div style=\"height:60px\" aria-hidden=\"true\" class=\"wp-block-spacer\"><\/div>\n\n<h5 class=\"wp-block-heading\"><p><strong>Vyskupo ir Kiko sveikinimas<\/strong><\/p><\/h5>\n\n<div style=\"height:30px\" aria-hidden=\"true\" class=\"wp-block-spacer\"><\/div>\n\n<p class=\"wp-block-paragraph\">Vyskupo Fabio dal Cin sveikinimas buvo trumpas, bet ypa\u010d malonus: \u201eDid\u017eiausias pri\u0117mimas ateina i\u0161 Marijos i\u0161 jos \u0160vent\u0173j\u0173 Nam\u0173: \u0161\u012f vakar\u0105 jauskit\u0117s kaip namie!\u201c Jis t\u0119s\u0117 sveikindamas Kelio iniciatori\u0173 ir visus susirinkusius kunigus, primindamas, kad jau daugel\u012f met\u0173, beveik kiekvien\u0105 met\u0173 savait\u0117s pirmadien\u012f ir antradien\u012f, bendruomen\u0117s i\u0161 viso pasaulio renkasi \u012f Loreto \u0160ventuosius Namus min\u0117to konkretaus Kelio etapo proga, kad priimt\u0173 Marij\u0105 kaip Motin\u0105. Jis pabr\u0117\u017e\u0117, kad \u201eturime pakelti \u017evilgsn\u012f \u012f Marij\u0105 ir pra\u0161yti jos malon\u0117s, kad pad\u0117t\u0173 mums priimti J\u0117z\u0173 taip, kaip ji tai padar\u0117. Ji atidav\u0117 savo k\u016bn\u0105 Kristui, ir mes taip pat esame pa\u0161aukti atiduoti savo k\u016bn\u0105, savo gyvenim\u0105, kad Dievo S\u016bnus \u012fsik\u016bnyt\u0173 mumyse ir taip \u012fsik\u016bnyt\u0173 realyb\u0117je, kurioje gyvename kiekvien\u0105 dien\u0105\u201c.<\/p>\n\n<div style=\"height:30px\" aria-hidden=\"true\" class=\"wp-block-spacer\"><\/div>\n<div class=\"wp-block-image\">\n<figure data-wp-context=\"{&quot;imageId&quot;:&quot;6a9a7e9f951c8&quot;}\" data-wp-interactive=\"core\/image\" data-wp-key=\"6a9a7e9f951c8\" class=\"aligncenter size-large wp-lightbox-container\"><img loading=\"lazy\" decoding=\"async\" width=\"1024\" height=\"473\" data-wp-class--hide=\"state.isContentHidden\" data-wp-class--show=\"state.isContentVisible\" data-wp-init=\"callbacks.setButtonStyles\" data-wp-on--click=\"actions.showLightbox\" data-wp-on--load=\"callbacks.setButtonStyles\" data-wp-on--pointerdown=\"actions.preloadImage\" data-wp-on--pointerenter=\"actions.preloadImageWithDelay\" data-wp-on--pointerleave=\"actions.cancelPreload\" data-wp-on-window--resize=\"callbacks.setButtonStyles\" src=\"https:\/\/neocatechumenaleiter.org\/wp-content\/uploads\/2026\/06\/camino-neocatecumenal-obra-sinfonica-loreto-macerata-2026-05-1024x473.jpg\" alt=\"Kiko Arg\u00fcello simfoninis k\u016brinys Loreto nam\u0173 \u0161ventov\u0117je 2026-06-19 - Monsinjoras Fabio Dal Cin\" class=\"wp-image-50148\" srcset=\"https:\/\/neocatechumenaleiter.org\/wp-content\/uploads\/2026\/06\/camino-neocatecumenal-obra-sinfonica-loreto-macerata-2026-05-1024x473.jpg 1024w, https:\/\/neocatechumenaleiter.org\/wp-content\/uploads\/2026\/06\/camino-neocatecumenal-obra-sinfonica-loreto-macerata-2026-05-300x139.jpg 300w, https:\/\/neocatechumenaleiter.org\/wp-content\/uploads\/2026\/06\/camino-neocatecumenal-obra-sinfonica-loreto-macerata-2026-05-768x355.jpg 768w, https:\/\/neocatechumenaleiter.org\/wp-content\/uploads\/2026\/06\/camino-neocatecumenal-obra-sinfonica-loreto-macerata-2026-05-1536x710.jpg 1536w, https:\/\/neocatechumenaleiter.org\/wp-content\/uploads\/2026\/06\/camino-neocatecumenal-obra-sinfonica-loreto-macerata-2026-05.jpg 2000w\" sizes=\"auto, (max-width: 1024px) 100vw, 1024px\" \/><button\n\t\t\tclass=\"lightbox-trigger\"\n\t\t\ttype=\"button\"\n\t\t\taria-haspopup=\"dialog\"\n\t\t\tdata-wp-bind--aria-label=\"state.thisImage.triggerButtonAriaLabel\"\n\t\t\tdata-wp-init=\"callbacks.initTriggerButton\"\n\t\t\tdata-wp-on--click=\"actions.showLightbox\"\n\t\t\tdata-wp-style--right=\"state.thisImage.buttonRight\"\n\t\t\tdata-wp-style--top=\"state.thisImage.buttonTop\"\n\t\t>\n\t\t\t<svg xmlns=\"http:\/\/www.w3.org\/2000\/svg\" width=\"12\" height=\"12\" fill=\"none\" viewBox=\"0 0 12 12\">\n\t\t\t\t<path fill=\"#fff\" d=\"M2 0a2 2 0 0 0-2 2v2h1.5V2a.5.5 0 0 1 .5-.5h2V0H2Zm2 10.5H2a.5.5 0 0 1-.5-.5V8H0v2a2 2 0 0 0 2 2h2v-1.5ZM8 12v-1.5h2a.5.5 0 0 0 .5-.5V8H12v2a2 2 0 0 1-2 2H8Zm2-12a2 2 0 0 1 2 2v2h-1.5V2a.5.5 0 0 0-.5-.5H8V0h2Z\" \/>\n\t\t\t<\/svg>\n\t\t<\/button><\/figure>\n<\/div>\n<div style=\"height:30px\" aria-hidden=\"true\" class=\"wp-block-spacer\"><\/div>\n\n<p class=\"wp-block-paragraph\">Sveikindamas Kiko pad\u0117kojo vyskupui u\u017e m\u016bs\u0173 pri\u0117mim\u0105 ir dalyvavim\u0105 susitikime, taip pat pad\u0117kojo civilinei vald\u017eiai. Tada jis prisimin\u0117, kaip kartu su Carmen \u201eapvaizdos lemta mat\u0117me, kad Porto San Giorgio tarptautinis centras yra taip arti Loreto \u0161ventov\u0117s, atsi\u017evelgiant \u012f tai, kad Neokatechumenatinio kelio atvaizdas yra \u0160ventoji \u0160eima i\u0161 Nazareto, o \u010dia, \u0161ioje bazilikoje, yra j\u0173 namai. Tai autenti\u0161kos Dievo Motinos nam\u0173, kuriuose pasirod\u0117 angelas, sienos. Tai Nazareto akmenys, Dievo S\u016bnaus \u012fsik\u016bnijimo liudytojai\u201c.<\/p>\n\n<p class=\"wp-block-paragraph\">Ir t\u0119s\u0117, primindamas, kad \u201eMergel\u0117 Marija \u012fkv\u0117p\u0117 Neokatechumenato keli\u0105 ir pasak\u0117: \u201eTurime kurti krik\u0161\u010dioni\u0161kas bendruomenes, tokias kaip \u0160ventoji Nazareto \u0160eima\u201c. Ji visada u\u017e mus meld\u0117si; ji visada buvo m\u016bs\u0173 Motina. B\u016btent ji mat\u0117 \u0161iuolaikinio \u017emogaus vienatv\u0119 ir parod\u0117 mums bendruomen\u0119 kaip susitikimo ir i\u0161ganymo viet\u0105.\u201c Jis u\u017ebaig\u0117: \u201eJaudinanti b\u016bti \u010dia, netoli \u0160vent\u0173j\u0173 Loreto Nam\u0173, kur Kelio broliai atranda did\u017eiul\u0119 meil\u0119, kuri\u0105 \u0160ven\u010diausioji Mergel\u0117 Marija jau\u010dia \u017emon\u0117ms. Tai ji mat\u0117 m\u016bs\u0173 nuod\u0117mes, mat\u0117, kad neturime vyno, pasak\u0117 J\u0117zui: \u201eJie neb\u0117ra vyno.\u201c<\/p>\n\n<div style=\"height:30px\" aria-hidden=\"true\" class=\"wp-block-spacer\"><\/div>\n<div class=\"wp-block-image\">\n<figure data-wp-context=\"{&quot;imageId&quot;:&quot;6a9a7e9f95910&quot;}\" data-wp-interactive=\"core\/image\" data-wp-key=\"6a9a7e9f95910\" class=\"aligncenter size-large wp-lightbox-container\"><img loading=\"lazy\" decoding=\"async\" width=\"1024\" height=\"473\" data-wp-class--hide=\"state.isContentHidden\" data-wp-class--show=\"state.isContentVisible\" data-wp-init=\"callbacks.setButtonStyles\" data-wp-on--click=\"actions.showLightbox\" data-wp-on--load=\"callbacks.setButtonStyles\" data-wp-on--pointerdown=\"actions.preloadImage\" data-wp-on--pointerenter=\"actions.preloadImageWithDelay\" data-wp-on--pointerleave=\"actions.cancelPreload\" data-wp-on-window--resize=\"callbacks.setButtonStyles\" src=\"https:\/\/neocatechumenaleiter.org\/wp-content\/uploads\/2026\/06\/camino-neocatecumenal-obra-sinfonica-loreto-macerata-2026-03-1024x473.jpg\" alt=\"Kiko Arg\u00fcello simfoninis k\u016brinys Loreto nam\u0173 \u0161ventov\u0117je, 2026 m. bir\u017eelio 19 d.\" class=\"wp-image-50149\" srcset=\"https:\/\/neocatechumenaleiter.org\/wp-content\/uploads\/2026\/06\/camino-neocatecumenal-obra-sinfonica-loreto-macerata-2026-03-1024x473.jpg 1024w, https:\/\/neocatechumenaleiter.org\/wp-content\/uploads\/2026\/06\/camino-neocatecumenal-obra-sinfonica-loreto-macerata-2026-03-300x139.jpg 300w, https:\/\/neocatechumenaleiter.org\/wp-content\/uploads\/2026\/06\/camino-neocatecumenal-obra-sinfonica-loreto-macerata-2026-03-768x355.jpg 768w, https:\/\/neocatechumenaleiter.org\/wp-content\/uploads\/2026\/06\/camino-neocatecumenal-obra-sinfonica-loreto-macerata-2026-03-1536x710.jpg 1536w, https:\/\/neocatechumenaleiter.org\/wp-content\/uploads\/2026\/06\/camino-neocatecumenal-obra-sinfonica-loreto-macerata-2026-03.jpg 2000w\" sizes=\"auto, (max-width: 1024px) 100vw, 1024px\" \/><button\n\t\t\tclass=\"lightbox-trigger\"\n\t\t\ttype=\"button\"\n\t\t\taria-haspopup=\"dialog\"\n\t\t\tdata-wp-bind--aria-label=\"state.thisImage.triggerButtonAriaLabel\"\n\t\t\tdata-wp-init=\"callbacks.initTriggerButton\"\n\t\t\tdata-wp-on--click=\"actions.showLightbox\"\n\t\t\tdata-wp-style--right=\"state.thisImage.buttonRight\"\n\t\t\tdata-wp-style--top=\"state.thisImage.buttonTop\"\n\t\t>\n\t\t\t<svg xmlns=\"http:\/\/www.w3.org\/2000\/svg\" width=\"12\" height=\"12\" fill=\"none\" viewBox=\"0 0 12 12\">\n\t\t\t\t<path fill=\"#fff\" d=\"M2 0a2 2 0 0 0-2 2v2h1.5V2a.5.5 0 0 1 .5-.5h2V0H2Zm2 10.5H2a.5.5 0 0 1-.5-.5V8H0v2a2 2 0 0 0 2 2h2v-1.5ZM8 12v-1.5h2a.5.5 0 0 0 .5-.5V8H12v2a2 2 0 0 1-2 2H8Zm2-12a2 2 0 0 1 2 2v2h-1.5V2a.5.5 0 0 0-.5-.5H8V0h2Z\" \/>\n\t\t\t<\/svg>\n\t\t<\/button><\/figure>\n<\/div>\n<div style=\"height:60px\" aria-hidden=\"true\" class=\"wp-block-spacer\"><\/div>\n\n<h5 class=\"wp-block-heading\"><strong>Simfoninio-katechetinio k\u016brinio \u201eNekalt\u0173j\u0173 kan\u010dia\u201c pristatymas<\/strong><\/h5>\n\n<div style=\"height:30px\" aria-hidden=\"true\" class=\"wp-block-spacer\"><\/div>\n\n<p class=\"wp-block-paragraph\">Kiko, kaip \u012fprastai, \u0161ia proga pristat\u0117 savo k\u016brin\u012f \u012fvairiais jo elementais: \u201eNe\u017einau kaip, bet vien\u0105 dien\u0105 Vie\u0161pats \u012fkv\u0117p\u0117 mane sukurti simfonij\u0105 Mergel\u0117s Marijos garbei. Mane visada \u017eav\u0117jo jos kan\u010dia, matant Mergel\u0117s siel\u0105, pervert\u0105 kardu kry\u017eiaus pap\u0117d\u0117je.\u201c Tada jis t\u0119s\u0117: \u201e\u0161iame ma\u017eame k\u016brinyje Mergel\u0117 Marija pristatoma kaip nekalt\u0173j\u0173 kan\u010dios skandalo auka savo k\u016bne, savo S\u016bnaus k\u016bne\u201c, ir \u0161ios kan\u010dios akivaizdoje mes taip pat, su jauduliu, \u201enor\u0117tume apm\u0105styti ir palaikyti Mergel\u0119, kuri priima t\u0105 kard\u0105, perveriant\u012f \u0161ios varg\u0161\u0117s moters, Marijos, siel\u0105! Dievo Motina! \u0160ventoji Teotoka. Dr\u0105sos! Tu esi to Dievo Motina, kuri tampa nuod\u0117me d\u0117l m\u016bs\u0173 ir paaukoja save vis\u0173 i\u0161ganymui. Dievo Motina ir m\u016bs\u0173 Motina.\u201c<\/p>\n\n<p class=\"wp-block-paragraph\">Tada jis prisimin\u0117 penkis \u0161ios simfonijos judesius: \u201eGetseman\u0117\u201c \u2013 muzika skirta priminti, kad m\u016bs\u0173 Vie\u0161pats J\u0117zus Kristus tur\u0117jo i\u0161gerti kart\u0117lio taur\u0119 u\u017e \u017emonijos nuod\u0117mes; \u201eRauda\u201c \u2013 kur matome nukry\u017eiuot\u0105 Krist\u0173 ir Mergel\u0119 Marij\u0105, liudijan\u010di\u0105 \u0161i\u0105 kan\u010di\u0105; tre\u010diajame judesyje matome Krist\u0173 ant kry\u017eiaus, \u0161aukiant\u012f: \u201eAtleisk jiems, atleisk jiems!\u201c; ketvirtasis judesys vadinasi \u201eKardas\u201c \u2013 tai akimirka, kai kardas perveria Marijos siel\u0105, ir visas choras gieda: \u201eMarija, Dievo Motina!\u201c Kiko prid\u016br\u0117: \u201e\u0160iuo metu, paprastai koncertuose, kvie\u010diame visus atsistoti ir visi kartu su choru giedame \u201eMarija!\u201c Tarsi sakydami: \u201eDr\u0105sos, dr\u0105sos, tu esi Dievo Motina!\u201c, tarsi bandydami paremti \u0160v\u010d. Mergel\u0119 po kry\u017eiumi.\u201c Ir galiausiai, po visos \u0161ios kan\u010dios paslapties, \u201ePrisik\u0117limas\u201c: Kristus prisik\u0117l\u0117 ir nugal\u0117jo mirt\u012f, klausysim\u0117s penktojo judesio, kuriame giedama apie Kristaus prisik\u0117lim\u0105, nes Kristus tikrai prisik\u0117l\u0117!<\/p>\n\n<p class=\"wp-block-paragraph\">\u012evairi\u0173 judesi\u0173 atlikimas buvo i\u0161skirtinis, gyvai dalyvavo muzikantai, choras ir pats dirigentas, o emocijos buvo juntamos visame susib\u016brime.<\/p>\n\n<div style=\"height:30px\" aria-hidden=\"true\" class=\"wp-block-spacer\"><\/div>\n\n<h5 class=\"wp-block-heading\"><strong>\u201eMesijas\u201c<\/strong><\/h5>\n\n<div style=\"height:30px\" aria-hidden=\"true\" class=\"wp-block-spacer\"><\/div>\n\n<p class=\"wp-block-paragraph\">Po trumpos pauz\u0117s buvo atliktas antrasis k\u016brinys: \u201eEl Mes\u00edas\u201c, kur\u012f trumpai pristat\u0117 kompozitorius Kiko Arg\u00fcello: \u201eDievas \u012fkv\u0117p\u0117 mane sukurti \u201eEl Mes\u00edas\u201c \u2013 simfonin\u0119 poem\u0105 fortepijonui, chorui ir orkestrui apie Kristaus kan\u010di\u0105 ir kan\u010di\u0105, kuri\u0105 nor\u0117jau skirti \u0161i\u0173 dien\u0173 kankiniams. Tik\u0117kim\u0117s, kad ji pasieks \u017emoni\u0173 \u0161irdis ir juos evangelizuos, nes per kankinyst\u0119 galime skelbti Evangelij\u0105 muzika&#8230; Dievas nor\u0117jo mumyse atkurti savo nukry\u017eiuoto S\u016bnaus paveiksl\u0105, nes esame tam pa\u0161aukti: b\u016bti avin\u0117liais, kad kent\u0117tume, kaip Mesijas. Tik taip \u012fvykdysime savo misij\u0105 pasaulyje; tik Avin\u0117lis nugali \u201e\u017ev\u0117r\u012f\u201c.\u201c<\/p>\n\n<p class=\"wp-block-paragraph\">Tada autorius pristat\u0117 tris poemos dalis: \u201eAkedah, Jeruzal\u0117s dukterys ir Mesijas, Li\u016btas, kur\u012f reikia u\u017ekariauti\u201c. \u201eAkedah yra hebraj\u0173 kalbos \u017eodis, rei\u0161kiantis \u201ery\u0161iai\u201c, ir randamas Targum Neofiti&#8230;, prie kurio prid\u0117ti angelo \u017eod\u017eiai: \u201eAteikite ir pamatykite tik\u0117jim\u0105 \u017eem\u0117je: t\u0117vas, kuris aukoja savo vienatin\u012f s\u016bn\u0173, ir mylimas s\u016bnus, kuris jam si\u016blo savo gerkl\u0119\u201c&#8230; \u0160\u012f tekst\u0105, kuriame kalbama apie Izaok\u0105, Kristaus nuolankumo paveiksl\u0105, kuris, b\u016bdamas Dievo S\u016bnus, nusi\u017eemino ir tapo nuod\u0117me d\u0117l m\u016bs\u0173\u201c, a\u0161 pritaikiau muzikai t\u0105 akimirk\u0105, kai jis sako savo t\u0117vui: \u201eSuri\u0161k mane, suri\u0161k mane tvirtai, kad tavo auka netapt\u0173 bevert\u0117.\u201c<\/p>\n\n<p class=\"wp-block-paragraph\">Pristatydama antr\u0105j\u012f k\u016brin\u012f \u201eJeruzal\u0117s dukros\u201c, Kiko sak\u0117: \u201ePaband\u017eiau sumuzikuoti i\u0161trauk\u0105 i\u0161 Kan\u010dios pagal \u0161v. Luk\u0105, Kristaus \u017eod\u017eius moterims, ne\u0161an\u010dio kry\u017ei\u0173: \u201eJeruzal\u0117s dukros, neverkit d\u0117l \u200b\u200bman\u0119s! Jei tai daroma su \u017ealia mediena, kas nutiks sausai?\u201c Bais\u016bs \u017eod\u017eiai, prisimin\u0117 Kiko, tokie gil\u016bs, kad suteikia prasm\u0119 Kan\u010dios, m\u016bs\u0173 Vie\u0161paties kan\u010diai, kad i\u0161trint\u0173 \u017emogaus nuod\u0117m\u0119, atskleist\u0173 vis\u0105 nuod\u0117m\u0117s blog\u012f. Tada Kiko pasak\u0117: \u201eNor\u0117dama i\u0161reik\u0161ti \u0161ios Evangelijos dram\u0105, mane \u012fkv\u0117p\u0117 ispan\u0173 renesanso kompozitoriaus Tom\u00e1s de Vitoria polifonijos. Tenorai ir sopranai perteikia tragedij\u0105, kuri\u0105 Kristus patiria Via Dolorosa gatv\u0117je.\u201c<\/p>\n\n<p class=\"wp-block-paragraph\">Galiausiai, tre\u010dioji dalis: \u201eMesijas, li\u016btas, kur\u012f reikia nugal\u0117ti\u201c: \u201eNor\u0117jau pritaikyti muzik\u0105\u201c, \u2013 sak\u0117 autorius, \u2013 \u201efraz\u0119, kuri\u0105 pasak\u0117 IV am\u017eiaus kankinys Viktorinas i\u0161 Pettau, nukankintas valdant imperatoriui Diokletianui&#8230;, kuris sugalvojo \u0161i\u0105 poetin\u0119 fraz\u0119: \u201eMesijas, li\u016btas, kur\u012f reikia nugal\u0117ti, tapo avin\u0117liu, kuris ken\u010dia.\u201c Suk\u016briau dain\u0105 aplink \u0161i\u0105 fraz\u0119 ir prid\u0117jau tik\u0117jimo i\u0161pa\u017ein\u0117jo, vardu \u0161ventasis Kodvultdeus, V am\u017eiaus Kartaginos vyskupas, fraz\u0119, kuris sako: \u201eJis u\u017elipo ant med\u017eio, kad b\u016bt\u0173 vyras, kad mirt\u0173. Ir jis paliko savo krauj\u0105 kaip krait\u012f savo Mergelei Nuotakai.\u201c Nor\u0117jau pritaikyti \u0161ias dvi frazes muzikai, nes noriu jus priartinti prie pirm\u0173j\u0173 am\u017ei\u0173, did\u017ei\u0173j\u0173 krik\u0161\u010dioni\u0173, kankini\u0173, kurie yra labai svarb\u016bs, kult\u016bros.\u201c<\/p>\n\n<p class=\"wp-block-paragraph\">\u201e\u0160i simfonin\u0117 poema, \u2013 u\u017ebaig\u0117 Kiko, \u2013 yra meil\u0117s daina. Vie\u0161pats myli kiekvien\u0105 \u017emog\u0173; jis mus taip myl\u0117jo, kad paaukojo savo gyvyb\u0119, praliejo u\u017e mus savo krauj\u0105. \u0160i poema dainuoja apie Dievo meil\u0119 kiekvienam i\u0161 m\u016bs\u0173: kov\u0105, kuri\u0105 jam teko i\u0161tverti, kad mus atvest\u0173 \u012f dang\u0173.\u201c<\/p>\n\n<p class=\"wp-block-paragraph\">V\u0117lgi, pasirodymas buvo i\u0161skirtinis, jaudinantis, o ilgi finaliniai plojimai paskatino dosniai sutikti atlikti kelet\u0105 k\u016brini\u0173 ir pakviet\u0117 visus dalyvauti, kad nakt\u012f nuostabiai ap\u0161viestos bazilikos, \u012fr\u0117minan\u010dios orkestr\u0105 ir chor\u0105, puo\u0161nios varpin\u0117s aplinka patraukt\u0173 vis\u0173 \u017evilgsnius ir nukreipt\u0173 juos \u012f dang\u0173, \u012f kur\u012f k\u0105 tik buvo u\u017esiminusi Kiko \u017eod\u017eiai.<\/p>\n\n<div style=\"height:60px\" aria-hidden=\"true\" class=\"wp-block-spacer\"><\/div>\n\n<h4 class=\"wp-block-heading has-text-align-center\"><strong>Simfonin\u0117 opera Maceratos Sferisterio teatre<\/strong><\/h4>\n\n<div style=\"height:60px\" aria-hidden=\"true\" class=\"wp-block-spacer\"><\/div>\n<div class=\"wp-block-image\">\n<figure data-wp-context=\"{&quot;imageId&quot;:&quot;6a9a7e9f96320&quot;}\" data-wp-interactive=\"core\/image\" data-wp-key=\"6a9a7e9f96320\" class=\"aligncenter size-large wp-lightbox-container\"><img loading=\"lazy\" decoding=\"async\" width=\"1024\" height=\"684\" data-wp-class--hide=\"state.isContentHidden\" data-wp-class--show=\"state.isContentVisible\" data-wp-init=\"callbacks.setButtonStyles\" data-wp-on--click=\"actions.showLightbox\" data-wp-on--load=\"callbacks.setButtonStyles\" data-wp-on--pointerdown=\"actions.preloadImage\" data-wp-on--pointerenter=\"actions.preloadImageWithDelay\" data-wp-on--pointerleave=\"actions.cancelPreload\" data-wp-on-window--resize=\"callbacks.setButtonStyles\" src=\"https:\/\/neocatechumenaleiter.org\/wp-content\/uploads\/2026\/06\/camino-neocatecumenal-obra-sinfonica-kiko-arguello-macerata-2026-21jun-joaquin-panzerini-24-1024x684.jpg\" alt=\"Kiko Arg\u00fcello simfonin\u0117 opera bus atlikta \u201eSferisterio\u201c arenoje Ma\u010deratoje 2026 m. bir\u017eelio 21 d.\" class=\"wp-image-50260\" srcset=\"https:\/\/neocatechumenaleiter.org\/wp-content\/uploads\/2026\/06\/camino-neocatecumenal-obra-sinfonica-kiko-arguello-macerata-2026-21jun-joaquin-panzerini-24-1024x684.jpg 1024w, https:\/\/neocatechumenaleiter.org\/wp-content\/uploads\/2026\/06\/camino-neocatecumenal-obra-sinfonica-kiko-arguello-macerata-2026-21jun-joaquin-panzerini-24-300x200.jpg 300w, https:\/\/neocatechumenaleiter.org\/wp-content\/uploads\/2026\/06\/camino-neocatecumenal-obra-sinfonica-kiko-arguello-macerata-2026-21jun-joaquin-panzerini-24-768x513.jpg 768w, https:\/\/neocatechumenaleiter.org\/wp-content\/uploads\/2026\/06\/camino-neocatecumenal-obra-sinfonica-kiko-arguello-macerata-2026-21jun-joaquin-panzerini-24-1536x1025.jpg 1536w, https:\/\/neocatechumenaleiter.org\/wp-content\/uploads\/2026\/06\/camino-neocatecumenal-obra-sinfonica-kiko-arguello-macerata-2026-21jun-joaquin-panzerini-24-2048x1367.jpg 2048w\" sizes=\"auto, (max-width: 1024px) 100vw, 1024px\" \/><button\n\t\t\tclass=\"lightbox-trigger\"\n\t\t\ttype=\"button\"\n\t\t\taria-haspopup=\"dialog\"\n\t\t\tdata-wp-bind--aria-label=\"state.thisImage.triggerButtonAriaLabel\"\n\t\t\tdata-wp-init=\"callbacks.initTriggerButton\"\n\t\t\tdata-wp-on--click=\"actions.showLightbox\"\n\t\t\tdata-wp-style--right=\"state.thisImage.buttonRight\"\n\t\t\tdata-wp-style--top=\"state.thisImage.buttonTop\"\n\t\t>\n\t\t\t<svg xmlns=\"http:\/\/www.w3.org\/2000\/svg\" width=\"12\" height=\"12\" fill=\"none\" viewBox=\"0 0 12 12\">\n\t\t\t\t<path fill=\"#fff\" d=\"M2 0a2 2 0 0 0-2 2v2h1.5V2a.5.5 0 0 1 .5-.5h2V0H2Zm2 10.5H2a.5.5 0 0 1-.5-.5V8H0v2a2 2 0 0 0 2 2h2v-1.5ZM8 12v-1.5h2a.5.5 0 0 0 .5-.5V8H12v2a2 2 0 0 1-2 2H8Zm2-12a2 2 0 0 1 2 2v2h-1.5V2a.5.5 0 0 0-.5-.5H8V0h2Z\" \/>\n\t\t\t<\/svg>\n\t\t<\/button><figcaption class=\"wp-element-caption\">Nuotraukos: Joaqu\u00edn Panzerini<\/figcaption><\/figure>\n<\/div>\n<div style=\"height:60px\" aria-hidden=\"true\" class=\"wp-block-spacer\"><\/div>\n\n<p class=\"wp-block-paragraph\">Po \u0161io simfoninio renginio Lorete opera ir visas orkestras persik\u0117l\u0117 \u012f \u201eSferisterio\u201c Ma\u010deratoje \u2013 \u201e\u012fsp\u016bding\u0105 neoklasicistin\u0119 aren\u0105 po atviru dangumi, pastatyt\u0105 1823\u20131829 m. ir dabar kurioje vyksta Ma\u010deratos operos festivalis \u2013 vienas svarbiausi\u0173 operos rengini\u0173 Italijoje\u201c. Atsi\u017evelgdama \u012f i\u0161skirtin\u012f renginio pob\u016bd\u012f, miesto vald\u017eia sutiko \u0161\u012f teatr\u0105 po atviru dangumi skirti \u0161iam vakarui, kuriame t\u016bkstan\u010diai broli\u0173 ir seser\u0173 i\u0161 daugyb\u0117s regiono neokatechumenatini\u0173 bendruomeni\u0173 susirinks aplink Kelio \u012fk\u016br\u0117j\u0105, kad patirt\u0173 \u0161i\u0105 brangi\u0105 ir intensyvi\u0105 bendryst\u0117s ir \u0161vent\u0117s akimirk\u0105.<\/p>\n\n<div style=\"height:30px\" aria-hidden=\"true\" class=\"wp-block-spacer\"><\/div>\n\n<figure data-wp-context=\"{&quot;galleryId&quot;:&quot;6a9a7e9f96589&quot;}\" data-wp-interactive=\"core\/gallery\" class=\"wp-block-gallery aligncenter has-nested-images columns-2 is-cropped wp-block-gallery-3 is-layout-flex wp-block-gallery-is-layout-flex\">\n<figure data-wp-context=\"{&quot;imageId&quot;:&quot;6a9a7e9f96a75&quot;}\" data-wp-interactive=\"core\/image\" data-wp-key=\"6a9a7e9f96a75\" class=\"wp-block-image size-large wp-lightbox-container\"><img loading=\"lazy\" decoding=\"async\" width=\"1024\" height=\"768\" data-wp-class--hide=\"state.isContentHidden\" data-wp-class--show=\"state.isContentVisible\" data-wp-init=\"callbacks.setButtonStyles\" data-wp-on--click=\"actions.showLightbox\" data-wp-on--load=\"callbacks.setButtonStyles\" data-wp-on--pointerdown=\"actions.preloadImage\" data-wp-on--pointerenter=\"actions.preloadImageWithDelay\" data-wp-on--pointerleave=\"actions.cancelPreload\" data-wp-on-window--resize=\"callbacks.setButtonStyles\" data-id=\"50254\" src=\"https:\/\/neocatechumenaleiter.org\/wp-content\/uploads\/2026\/06\/camino-neocatecumenal-obra-sinfonica-kiko-arguello-macerata-2026-21jun-joaquin-panzerini-15-1024x768.jpg\" alt=\"Kiko Arg\u00fcello simfonin\u0117 opera bus atlikta \u201eSferisterio\u201c arenoje Ma\u010deratoje 2026 m. bir\u017eelio 21 d.\" class=\"wp-image-50254\" srcset=\"https:\/\/neocatechumenaleiter.org\/wp-content\/uploads\/2026\/06\/camino-neocatecumenal-obra-sinfonica-kiko-arguello-macerata-2026-21jun-joaquin-panzerini-15-1024x768.jpg 1024w, https:\/\/neocatechumenaleiter.org\/wp-content\/uploads\/2026\/06\/camino-neocatecumenal-obra-sinfonica-kiko-arguello-macerata-2026-21jun-joaquin-panzerini-15-300x225.jpg 300w, https:\/\/neocatechumenaleiter.org\/wp-content\/uploads\/2026\/06\/camino-neocatecumenal-obra-sinfonica-kiko-arguello-macerata-2026-21jun-joaquin-panzerini-15-768x576.jpg 768w, https:\/\/neocatechumenaleiter.org\/wp-content\/uploads\/2026\/06\/camino-neocatecumenal-obra-sinfonica-kiko-arguello-macerata-2026-21jun-joaquin-panzerini-15-1536x1152.jpg 1536w, https:\/\/neocatechumenaleiter.org\/wp-content\/uploads\/2026\/06\/camino-neocatecumenal-obra-sinfonica-kiko-arguello-macerata-2026-21jun-joaquin-panzerini-15.jpg 2000w\" sizes=\"auto, (max-width: 1024px) 100vw, 1024px\" \/><button\n\t\t\tclass=\"lightbox-trigger\"\n\t\t\ttype=\"button\"\n\t\t\taria-haspopup=\"dialog\"\n\t\t\tdata-wp-bind--aria-label=\"state.thisImage.triggerButtonAriaLabel\"\n\t\t\tdata-wp-init=\"callbacks.initTriggerButton\"\n\t\t\tdata-wp-on--click=\"actions.showLightbox\"\n\t\t\tdata-wp-style--right=\"state.thisImage.buttonRight\"\n\t\t\tdata-wp-style--top=\"state.thisImage.buttonTop\"\n\t\t>\n\t\t\t<svg xmlns=\"http:\/\/www.w3.org\/2000\/svg\" width=\"12\" height=\"12\" fill=\"none\" viewBox=\"0 0 12 12\">\n\t\t\t\t<path fill=\"#fff\" d=\"M2 0a2 2 0 0 0-2 2v2h1.5V2a.5.5 0 0 1 .5-.5h2V0H2Zm2 10.5H2a.5.5 0 0 1-.5-.5V8H0v2a2 2 0 0 0 2 2h2v-1.5ZM8 12v-1.5h2a.5.5 0 0 0 .5-.5V8H12v2a2 2 0 0 1-2 2H8Zm2-12a2 2 0 0 1 2 2v2h-1.5V2a.5.5 0 0 0-.5-.5H8V0h2Z\" \/>\n\t\t\t<\/svg>\n\t\t<\/button><\/figure>\n\n\n\n<figure data-wp-context=\"{&quot;imageId&quot;:&quot;6a9a7e9f970c3&quot;}\" data-wp-interactive=\"core\/image\" data-wp-key=\"6a9a7e9f970c3\" class=\"wp-block-image size-large wp-lightbox-container\"><img loading=\"lazy\" decoding=\"async\" width=\"1024\" height=\"768\" data-wp-class--hide=\"state.isContentHidden\" data-wp-class--show=\"state.isContentVisible\" data-wp-init=\"callbacks.setButtonStyles\" data-wp-on--click=\"actions.showLightbox\" data-wp-on--load=\"callbacks.setButtonStyles\" data-wp-on--pointerdown=\"actions.preloadImage\" data-wp-on--pointerenter=\"actions.preloadImageWithDelay\" data-wp-on--pointerleave=\"actions.cancelPreload\" data-wp-on-window--resize=\"callbacks.setButtonStyles\" data-id=\"50252\" src=\"https:\/\/neocatechumenaleiter.org\/wp-content\/uploads\/2026\/06\/camino-neocatecumenal-obra-sinfonica-kiko-arguello-macerata-2026-21jun-joaquin-panzerini-13-1024x768.jpg\" alt=\"Kiko Arg\u00fcello simfonin\u0117 opera bus atlikta \u201eSferisterio\u201c arenoje Ma\u010deratoje 2026 m. bir\u017eelio 21 d.\" class=\"wp-image-50252\" srcset=\"https:\/\/neocatechumenaleiter.org\/wp-content\/uploads\/2026\/06\/camino-neocatecumenal-obra-sinfonica-kiko-arguello-macerata-2026-21jun-joaquin-panzerini-13-1024x768.jpg 1024w, https:\/\/neocatechumenaleiter.org\/wp-content\/uploads\/2026\/06\/camino-neocatecumenal-obra-sinfonica-kiko-arguello-macerata-2026-21jun-joaquin-panzerini-13-300x225.jpg 300w, https:\/\/neocatechumenaleiter.org\/wp-content\/uploads\/2026\/06\/camino-neocatecumenal-obra-sinfonica-kiko-arguello-macerata-2026-21jun-joaquin-panzerini-13-768x576.jpg 768w, https:\/\/neocatechumenaleiter.org\/wp-content\/uploads\/2026\/06\/camino-neocatecumenal-obra-sinfonica-kiko-arguello-macerata-2026-21jun-joaquin-panzerini-13-1536x1152.jpg 1536w, https:\/\/neocatechumenaleiter.org\/wp-content\/uploads\/2026\/06\/camino-neocatecumenal-obra-sinfonica-kiko-arguello-macerata-2026-21jun-joaquin-panzerini-13.jpg 2000w\" sizes=\"auto, (max-width: 1024px) 100vw, 1024px\" \/><button\n\t\t\tclass=\"lightbox-trigger\"\n\t\t\ttype=\"button\"\n\t\t\taria-haspopup=\"dialog\"\n\t\t\tdata-wp-bind--aria-label=\"state.thisImage.triggerButtonAriaLabel\"\n\t\t\tdata-wp-init=\"callbacks.initTriggerButton\"\n\t\t\tdata-wp-on--click=\"actions.showLightbox\"\n\t\t\tdata-wp-style--right=\"state.thisImage.buttonRight\"\n\t\t\tdata-wp-style--top=\"state.thisImage.buttonTop\"\n\t\t>\n\t\t\t<svg xmlns=\"http:\/\/www.w3.org\/2000\/svg\" width=\"12\" height=\"12\" fill=\"none\" viewBox=\"0 0 12 12\">\n\t\t\t\t<path fill=\"#fff\" d=\"M2 0a2 2 0 0 0-2 2v2h1.5V2a.5.5 0 0 1 .5-.5h2V0H2Zm2 10.5H2a.5.5 0 0 1-.5-.5V8H0v2a2 2 0 0 0 2 2h2v-1.5ZM8 12v-1.5h2a.5.5 0 0 0 .5-.5V8H12v2a2 2 0 0 1-2 2H8Zm2-12a2 2 0 0 1 2 2v2h-1.5V2a.5.5 0 0 0-.5-.5H8V0h2Z\" \/>\n\t\t\t<\/svg>\n\t\t<\/button><\/figure>\n\n\n\n<figure data-wp-context=\"{&quot;imageId&quot;:&quot;6a9a7e9f976ab&quot;}\" data-wp-interactive=\"core\/image\" data-wp-key=\"6a9a7e9f976ab\" class=\"wp-block-image size-large wp-lightbox-container\"><img loading=\"lazy\" decoding=\"async\" width=\"1024\" height=\"685\" data-wp-class--hide=\"state.isContentHidden\" data-wp-class--show=\"state.isContentVisible\" data-wp-init=\"callbacks.setButtonStyles\" data-wp-on--click=\"actions.showLightbox\" data-wp-on--load=\"callbacks.setButtonStyles\" data-wp-on--pointerdown=\"actions.preloadImage\" data-wp-on--pointerenter=\"actions.preloadImageWithDelay\" data-wp-on--pointerleave=\"actions.cancelPreload\" data-wp-on-window--resize=\"callbacks.setButtonStyles\" data-id=\"50249\" src=\"https:\/\/neocatechumenaleiter.org\/wp-content\/uploads\/2026\/06\/camino-neocatecumenal-obra-sinfonica-kiko-arguello-macerata-2026-21jun-joaquin-panzerini-10-1024x685.jpg\" alt=\"Kiko Arg\u00fcello simfonin\u0117 opera bus atlikta \u201eSferisterio\u201c arenoje Ma\u010deratoje 2026 m. bir\u017eelio 21 d.\" class=\"wp-image-50249\" srcset=\"https:\/\/neocatechumenaleiter.org\/wp-content\/uploads\/2026\/06\/camino-neocatecumenal-obra-sinfonica-kiko-arguello-macerata-2026-21jun-joaquin-panzerini-10-1024x685.jpg 1024w, https:\/\/neocatechumenaleiter.org\/wp-content\/uploads\/2026\/06\/camino-neocatecumenal-obra-sinfonica-kiko-arguello-macerata-2026-21jun-joaquin-panzerini-10-300x201.jpg 300w, https:\/\/neocatechumenaleiter.org\/wp-content\/uploads\/2026\/06\/camino-neocatecumenal-obra-sinfonica-kiko-arguello-macerata-2026-21jun-joaquin-panzerini-10-768x513.jpg 768w, https:\/\/neocatechumenaleiter.org\/wp-content\/uploads\/2026\/06\/camino-neocatecumenal-obra-sinfonica-kiko-arguello-macerata-2026-21jun-joaquin-panzerini-10-1536x1027.jpg 1536w, https:\/\/neocatechumenaleiter.org\/wp-content\/uploads\/2026\/06\/camino-neocatecumenal-obra-sinfonica-kiko-arguello-macerata-2026-21jun-joaquin-panzerini-10.jpg 2000w\" sizes=\"auto, (max-width: 1024px) 100vw, 1024px\" \/><button\n\t\t\tclass=\"lightbox-trigger\"\n\t\t\ttype=\"button\"\n\t\t\taria-haspopup=\"dialog\"\n\t\t\tdata-wp-bind--aria-label=\"state.thisImage.triggerButtonAriaLabel\"\n\t\t\tdata-wp-init=\"callbacks.initTriggerButton\"\n\t\t\tdata-wp-on--click=\"actions.showLightbox\"\n\t\t\tdata-wp-style--right=\"state.thisImage.buttonRight\"\n\t\t\tdata-wp-style--top=\"state.thisImage.buttonTop\"\n\t\t>\n\t\t\t<svg xmlns=\"http:\/\/www.w3.org\/2000\/svg\" width=\"12\" height=\"12\" fill=\"none\" viewBox=\"0 0 12 12\">\n\t\t\t\t<path fill=\"#fff\" d=\"M2 0a2 2 0 0 0-2 2v2h1.5V2a.5.5 0 0 1 .5-.5h2V0H2Zm2 10.5H2a.5.5 0 0 1-.5-.5V8H0v2a2 2 0 0 0 2 2h2v-1.5ZM8 12v-1.5h2a.5.5 0 0 0 .5-.5V8H12v2a2 2 0 0 1-2 2H8Zm2-12a2 2 0 0 1 2 2v2h-1.5V2a.5.5 0 0 0-.5-.5H8V0h2Z\" \/>\n\t\t\t<\/svg>\n\t\t<\/button><\/figure>\n<figcaption class=\"blocks-gallery-caption wp-element-caption\">Nuotraukos: Joaqu\u00edn Panzerini<\/figcaption><\/figure>\n\n<div style=\"height:30px\" aria-hidden=\"true\" class=\"wp-block-spacer\"><\/div>\n\n<p class=\"wp-block-paragraph\">Ma\u010derata, 1952 m. paskelbta \u201eMarijos miestu\u201c d\u0117l pamaldumo Mergelei Marijai, yra did\u017eiojo Azijos misionieriaus Matteo Ricci gimtin\u0117. 1991 m. tuometinis vyskupas Tarcisio Carboni \u010dia \u012fsteig\u0117 Redemptoris Mater vyskupijos misionieri\u0173 seminarij\u0105, skirt\u0105 rengti misionierius, kurie, Matteo Ricci p\u0117domis, evangelizuot\u0173 Ryt\u0173 \u0161alis. \u0160i seminarija, kuri\u0105 visi\u0161kai suprojektavo Kiko Arg\u00fcello, kartu su bendradarbiais ir dailininkais suk\u016br\u0119s didel\u012f kompleks\u0105 kunigi\u0161kajam gyvenimui priimti ir formuoti, per daugel\u012f met\u0173 pareng\u0117 110 kunig\u0173, i\u0161 kuri\u0173 du tre\u010ddaliai jau tarnauja misijose \u012fvairiose Azijos dalyse.<\/p>\n\n<div style=\"height:30px\" aria-hidden=\"true\" class=\"wp-block-spacer\"><\/div>\n<div class=\"wp-block-image\">\n<figure data-wp-context=\"{&quot;imageId&quot;:&quot;6a9a7e9f97fae&quot;}\" data-wp-interactive=\"core\/image\" data-wp-key=\"6a9a7e9f97fae\" class=\"aligncenter size-large wp-lightbox-container\"><img loading=\"lazy\" decoding=\"async\" width=\"1024\" height=\"768\" data-wp-class--hide=\"state.isContentHidden\" data-wp-class--show=\"state.isContentVisible\" data-wp-init=\"callbacks.setButtonStyles\" data-wp-on--click=\"actions.showLightbox\" data-wp-on--load=\"callbacks.setButtonStyles\" data-wp-on--pointerdown=\"actions.preloadImage\" data-wp-on--pointerenter=\"actions.preloadImageWithDelay\" data-wp-on--pointerleave=\"actions.cancelPreload\" data-wp-on-window--resize=\"callbacks.setButtonStyles\" src=\"https:\/\/neocatechumenaleiter.org\/wp-content\/uploads\/2026\/06\/camino-neocatecumenal-obra-sinfonica-kiko-arguello-macerata-2026-21jun-joaquin-panzerini-08-1024x768.jpg\" alt=\"Kiko Arg\u00fcello simfonin\u0117 opera bus atlikta \u201eSferisterio\u201c arenoje Ma\u010deratoje 2026 m. bir\u017eelio 21 d.\" class=\"wp-image-50247\" srcset=\"https:\/\/neocatechumenaleiter.org\/wp-content\/uploads\/2026\/06\/camino-neocatecumenal-obra-sinfonica-kiko-arguello-macerata-2026-21jun-joaquin-panzerini-08-1024x768.jpg 1024w, https:\/\/neocatechumenaleiter.org\/wp-content\/uploads\/2026\/06\/camino-neocatecumenal-obra-sinfonica-kiko-arguello-macerata-2026-21jun-joaquin-panzerini-08-300x225.jpg 300w, https:\/\/neocatechumenaleiter.org\/wp-content\/uploads\/2026\/06\/camino-neocatecumenal-obra-sinfonica-kiko-arguello-macerata-2026-21jun-joaquin-panzerini-08-768x576.jpg 768w, https:\/\/neocatechumenaleiter.org\/wp-content\/uploads\/2026\/06\/camino-neocatecumenal-obra-sinfonica-kiko-arguello-macerata-2026-21jun-joaquin-panzerini-08-1536x1152.jpg 1536w, https:\/\/neocatechumenaleiter.org\/wp-content\/uploads\/2026\/06\/camino-neocatecumenal-obra-sinfonica-kiko-arguello-macerata-2026-21jun-joaquin-panzerini-08.jpg 2000w\" sizes=\"auto, (max-width: 1024px) 100vw, 1024px\" \/><button\n\t\t\tclass=\"lightbox-trigger\"\n\t\t\ttype=\"button\"\n\t\t\taria-haspopup=\"dialog\"\n\t\t\tdata-wp-bind--aria-label=\"state.thisImage.triggerButtonAriaLabel\"\n\t\t\tdata-wp-init=\"callbacks.initTriggerButton\"\n\t\t\tdata-wp-on--click=\"actions.showLightbox\"\n\t\t\tdata-wp-style--right=\"state.thisImage.buttonRight\"\n\t\t\tdata-wp-style--top=\"state.thisImage.buttonTop\"\n\t\t>\n\t\t\t<svg xmlns=\"http:\/\/www.w3.org\/2000\/svg\" width=\"12\" height=\"12\" fill=\"none\" viewBox=\"0 0 12 12\">\n\t\t\t\t<path fill=\"#fff\" d=\"M2 0a2 2 0 0 0-2 2v2h1.5V2a.5.5 0 0 1 .5-.5h2V0H2Zm2 10.5H2a.5.5 0 0 1-.5-.5V8H0v2a2 2 0 0 0 2 2h2v-1.5ZM8 12v-1.5h2a.5.5 0 0 0 .5-.5V8H12v2a2 2 0 0 1-2 2H8Zm2-12a2 2 0 0 1 2 2v2h-1.5V2a.5.5 0 0 0-.5-.5H8V0h2Z\" \/>\n\t\t\t<\/svg>\n\t\t<\/button><figcaption class=\"wp-element-caption\">Nuotraukos: Joaqu\u00edn Panzerini<\/figcaption><\/figure>\n<\/div>\n<div style=\"height:30px\" aria-hidden=\"true\" class=\"wp-block-spacer\"><\/div>\n\n<p class=\"wp-block-paragraph\">Susitikim\u0105 prad\u0117damas Ma\u010deratos vyskupas monsinjoras Markonis pasveikino susirinkusiuosius ir prad\u0117jo vakar\u0105 trumpu, bet intensyviu apm\u0105stymu apie \u201eAked\u00e0\u201c:<\/p>\n\n<blockquote class=\"wp-block-quote is-layout-flow wp-block-quote-is-layout-flow\">\n<p class=\"wp-block-paragraph\">\u201eIzaoko Akedah buvo tik Kristaus Akedah prana\u0161yst\u0117. Net Kristus, nekaltasis par excellence, leidosi supan\u010diotas mirties pan\u010diais; i\u0161 ties\u0173, jis buvo prikaltas prie kry\u017eiaus d\u0117l savo paklusnumo T\u0117vui\u201c, \u2013 t\u0119s\u0117 jis, pridurdamas, kad \u201etai yra kerigma, krik\u0161\u010dioni\u0161kosios \u017einios \u0161erdis. Ir jos tiesa geriau suprantama \u0161irdimi nei protu.&#013;\n&#013;\n\u0160tai kod\u0117l krik\u0161\u010dionys visada apie tai kalb\u0117jo \u0161irdies kalba, tai yra, per men\u0105.&#013;\n&#013;\n\u0160tai kod\u0117l Kiko tai dar\u0117 tapybos,&#013;\narchitekt\u016bros ir net muzikos kalba.\u201c<\/p>\n<\/blockquote>\n\n<div style=\"height:30px\" aria-hidden=\"true\" class=\"wp-block-spacer\"><\/div>\n\n<figure data-wp-context=\"{&quot;galleryId&quot;:&quot;6a9a7e9f98301&quot;}\" data-wp-interactive=\"core\/gallery\" class=\"wp-block-gallery aligncenter has-nested-images columns-2 is-cropped wp-block-gallery-4 is-layout-flex wp-block-gallery-is-layout-flex\">\n<figure data-wp-context=\"{&quot;imageId&quot;:&quot;6a9a7e9f987fa&quot;}\" data-wp-interactive=\"core\/image\" data-wp-key=\"6a9a7e9f987fa\" class=\"wp-block-image size-large wp-lightbox-container\"><img loading=\"lazy\" decoding=\"async\" width=\"1024\" height=\"682\" data-wp-class--hide=\"state.isContentHidden\" data-wp-class--show=\"state.isContentVisible\" data-wp-init=\"callbacks.setButtonStyles\" data-wp-on--click=\"actions.showLightbox\" data-wp-on--load=\"callbacks.setButtonStyles\" data-wp-on--pointerdown=\"actions.preloadImage\" data-wp-on--pointerenter=\"actions.preloadImageWithDelay\" data-wp-on--pointerleave=\"actions.cancelPreload\" data-wp-on-window--resize=\"callbacks.setButtonStyles\" data-id=\"50259\" src=\"https:\/\/neocatechumenaleiter.org\/wp-content\/uploads\/2026\/06\/camino-neocatecumenal-obra-sinfonica-kiko-arguello-macerata-2026-21jun-joaquin-panzerini-23-1024x682.jpg\" alt=\"Kiko Arg\u00fcello simfonin\u0117 opera bus atlikta \u201eSferisterio\u201c arenoje Ma\u010deratoje 2026 m. bir\u017eelio 21 d.\" class=\"wp-image-50259\" srcset=\"https:\/\/neocatechumenaleiter.org\/wp-content\/uploads\/2026\/06\/camino-neocatecumenal-obra-sinfonica-kiko-arguello-macerata-2026-21jun-joaquin-panzerini-23-1024x682.jpg 1024w, https:\/\/neocatechumenaleiter.org\/wp-content\/uploads\/2026\/06\/camino-neocatecumenal-obra-sinfonica-kiko-arguello-macerata-2026-21jun-joaquin-panzerini-23-300x200.jpg 300w, https:\/\/neocatechumenaleiter.org\/wp-content\/uploads\/2026\/06\/camino-neocatecumenal-obra-sinfonica-kiko-arguello-macerata-2026-21jun-joaquin-panzerini-23-768x512.jpg 768w, https:\/\/neocatechumenaleiter.org\/wp-content\/uploads\/2026\/06\/camino-neocatecumenal-obra-sinfonica-kiko-arguello-macerata-2026-21jun-joaquin-panzerini-23-1536x1024.jpg 1536w, https:\/\/neocatechumenaleiter.org\/wp-content\/uploads\/2026\/06\/camino-neocatecumenal-obra-sinfonica-kiko-arguello-macerata-2026-21jun-joaquin-panzerini-23-2048x1365.jpg 2048w\" sizes=\"auto, (max-width: 1024px) 100vw, 1024px\" \/><button\n\t\t\tclass=\"lightbox-trigger\"\n\t\t\ttype=\"button\"\n\t\t\taria-haspopup=\"dialog\"\n\t\t\tdata-wp-bind--aria-label=\"state.thisImage.triggerButtonAriaLabel\"\n\t\t\tdata-wp-init=\"callbacks.initTriggerButton\"\n\t\t\tdata-wp-on--click=\"actions.showLightbox\"\n\t\t\tdata-wp-style--right=\"state.thisImage.buttonRight\"\n\t\t\tdata-wp-style--top=\"state.thisImage.buttonTop\"\n\t\t>\n\t\t\t<svg xmlns=\"http:\/\/www.w3.org\/2000\/svg\" width=\"12\" height=\"12\" fill=\"none\" viewBox=\"0 0 12 12\">\n\t\t\t\t<path fill=\"#fff\" d=\"M2 0a2 2 0 0 0-2 2v2h1.5V2a.5.5 0 0 1 .5-.5h2V0H2Zm2 10.5H2a.5.5 0 0 1-.5-.5V8H0v2a2 2 0 0 0 2 2h2v-1.5ZM8 12v-1.5h2a.5.5 0 0 0 .5-.5V8H12v2a2 2 0 0 1-2 2H8Zm2-12a2 2 0 0 1 2 2v2h-1.5V2a.5.5 0 0 0-.5-.5H8V0h2Z\" \/>\n\t\t\t<\/svg>\n\t\t<\/button><\/figure>\n\n\n\n<figure data-wp-context=\"{&quot;imageId&quot;:&quot;6a9a7e9f98e80&quot;}\" data-wp-interactive=\"core\/image\" data-wp-key=\"6a9a7e9f98e80\" class=\"wp-block-image size-large wp-lightbox-container\"><img loading=\"lazy\" decoding=\"async\" width=\"1024\" height=\"682\" data-wp-class--hide=\"state.isContentHidden\" data-wp-class--show=\"state.isContentVisible\" data-wp-init=\"callbacks.setButtonStyles\" data-wp-on--click=\"actions.showLightbox\" data-wp-on--load=\"callbacks.setButtonStyles\" data-wp-on--pointerdown=\"actions.preloadImage\" data-wp-on--pointerenter=\"actions.preloadImageWithDelay\" data-wp-on--pointerleave=\"actions.cancelPreload\" data-wp-on-window--resize=\"callbacks.setButtonStyles\" data-id=\"50257\" src=\"https:\/\/neocatechumenaleiter.org\/wp-content\/uploads\/2026\/06\/camino-neocatecumenal-obra-sinfonica-kiko-arguello-macerata-2026-21jun-joaquin-panzerini-17-1024x682.jpg\" alt=\"Kiko Arg\u00fcello simfonin\u0117 opera bus atlikta \u201eSferisterio\u201c arenoje Ma\u010deratoje 2026 m. bir\u017eelio 21 d.\" class=\"wp-image-50257\" srcset=\"https:\/\/neocatechumenaleiter.org\/wp-content\/uploads\/2026\/06\/camino-neocatecumenal-obra-sinfonica-kiko-arguello-macerata-2026-21jun-joaquin-panzerini-17-1024x682.jpg 1024w, https:\/\/neocatechumenaleiter.org\/wp-content\/uploads\/2026\/06\/camino-neocatecumenal-obra-sinfonica-kiko-arguello-macerata-2026-21jun-joaquin-panzerini-17-300x200.jpg 300w, https:\/\/neocatechumenaleiter.org\/wp-content\/uploads\/2026\/06\/camino-neocatecumenal-obra-sinfonica-kiko-arguello-macerata-2026-21jun-joaquin-panzerini-17-768x512.jpg 768w, https:\/\/neocatechumenaleiter.org\/wp-content\/uploads\/2026\/06\/camino-neocatecumenal-obra-sinfonica-kiko-arguello-macerata-2026-21jun-joaquin-panzerini-17-1536x1024.jpg 1536w, https:\/\/neocatechumenaleiter.org\/wp-content\/uploads\/2026\/06\/camino-neocatecumenal-obra-sinfonica-kiko-arguello-macerata-2026-21jun-joaquin-panzerini-17-2048x1365.jpg 2048w\" sizes=\"auto, (max-width: 1024px) 100vw, 1024px\" \/><button\n\t\t\tclass=\"lightbox-trigger\"\n\t\t\ttype=\"button\"\n\t\t\taria-haspopup=\"dialog\"\n\t\t\tdata-wp-bind--aria-label=\"state.thisImage.triggerButtonAriaLabel\"\n\t\t\tdata-wp-init=\"callbacks.initTriggerButton\"\n\t\t\tdata-wp-on--click=\"actions.showLightbox\"\n\t\t\tdata-wp-style--right=\"state.thisImage.buttonRight\"\n\t\t\tdata-wp-style--top=\"state.thisImage.buttonTop\"\n\t\t>\n\t\t\t<svg xmlns=\"http:\/\/www.w3.org\/2000\/svg\" width=\"12\" height=\"12\" fill=\"none\" viewBox=\"0 0 12 12\">\n\t\t\t\t<path fill=\"#fff\" d=\"M2 0a2 2 0 0 0-2 2v2h1.5V2a.5.5 0 0 1 .5-.5h2V0H2Zm2 10.5H2a.5.5 0 0 1-.5-.5V8H0v2a2 2 0 0 0 2 2h2v-1.5ZM8 12v-1.5h2a.5.5 0 0 0 .5-.5V8H12v2a2 2 0 0 1-2 2H8Zm2-12a2 2 0 0 1 2 2v2h-1.5V2a.5.5 0 0 0-.5-.5H8V0h2Z\" \/>\n\t\t\t<\/svg>\n\t\t<\/button><\/figure>\n\n\n\n<figure data-wp-context=\"{&quot;imageId&quot;:&quot;6a9a7e9f994cb&quot;}\" data-wp-interactive=\"core\/image\" data-wp-key=\"6a9a7e9f994cb\" class=\"wp-block-image size-large wp-lightbox-container\"><img loading=\"lazy\" decoding=\"async\" width=\"682\" height=\"1024\" data-wp-class--hide=\"state.isContentHidden\" data-wp-class--show=\"state.isContentVisible\" data-wp-init=\"callbacks.setButtonStyles\" data-wp-on--click=\"actions.showLightbox\" data-wp-on--load=\"callbacks.setButtonStyles\" data-wp-on--pointerdown=\"actions.preloadImage\" data-wp-on--pointerenter=\"actions.preloadImageWithDelay\" data-wp-on--pointerleave=\"actions.cancelPreload\" data-wp-on-window--resize=\"callbacks.setButtonStyles\" data-id=\"50258\" src=\"https:\/\/neocatechumenaleiter.org\/wp-content\/uploads\/2026\/06\/camino-neocatecumenal-obra-sinfonica-kiko-arguello-macerata-2026-21jun-joaquin-panzerini-18-682x1024.jpg\" alt=\"Kiko Arg\u00fcello simfonin\u0117 opera bus atlikta \u201eSferisterio\u201c arenoje Ma\u010deratoje 2026 m. bir\u017eelio 21 d.\" class=\"wp-image-50258\" srcset=\"https:\/\/neocatechumenaleiter.org\/wp-content\/uploads\/2026\/06\/camino-neocatecumenal-obra-sinfonica-kiko-arguello-macerata-2026-21jun-joaquin-panzerini-18-682x1024.jpg 682w, https:\/\/neocatechumenaleiter.org\/wp-content\/uploads\/2026\/06\/camino-neocatecumenal-obra-sinfonica-kiko-arguello-macerata-2026-21jun-joaquin-panzerini-18-200x300.jpg 200w, https:\/\/neocatechumenaleiter.org\/wp-content\/uploads\/2026\/06\/camino-neocatecumenal-obra-sinfonica-kiko-arguello-macerata-2026-21jun-joaquin-panzerini-18-768x1152.jpg 768w, https:\/\/neocatechumenaleiter.org\/wp-content\/uploads\/2026\/06\/camino-neocatecumenal-obra-sinfonica-kiko-arguello-macerata-2026-21jun-joaquin-panzerini-18-1024x1536.jpg 1024w, https:\/\/neocatechumenaleiter.org\/wp-content\/uploads\/2026\/06\/camino-neocatecumenal-obra-sinfonica-kiko-arguello-macerata-2026-21jun-joaquin-panzerini-18-1365x2048.jpg 1365w, https:\/\/neocatechumenaleiter.org\/wp-content\/uploads\/2026\/06\/camino-neocatecumenal-obra-sinfonica-kiko-arguello-macerata-2026-21jun-joaquin-panzerini-18.jpg 1706w\" sizes=\"auto, (max-width: 682px) 100vw, 682px\" \/><button\n\t\t\tclass=\"lightbox-trigger\"\n\t\t\ttype=\"button\"\n\t\t\taria-haspopup=\"dialog\"\n\t\t\tdata-wp-bind--aria-label=\"state.thisImage.triggerButtonAriaLabel\"\n\t\t\tdata-wp-init=\"callbacks.initTriggerButton\"\n\t\t\tdata-wp-on--click=\"actions.showLightbox\"\n\t\t\tdata-wp-style--right=\"state.thisImage.buttonRight\"\n\t\t\tdata-wp-style--top=\"state.thisImage.buttonTop\"\n\t\t>\n\t\t\t<svg xmlns=\"http:\/\/www.w3.org\/2000\/svg\" width=\"12\" height=\"12\" fill=\"none\" viewBox=\"0 0 12 12\">\n\t\t\t\t<path fill=\"#fff\" d=\"M2 0a2 2 0 0 0-2 2v2h1.5V2a.5.5 0 0 1 .5-.5h2V0H2Zm2 10.5H2a.5.5 0 0 1-.5-.5V8H0v2a2 2 0 0 0 2 2h2v-1.5ZM8 12v-1.5h2a.5.5 0 0 0 .5-.5V8H12v2a2 2 0 0 1-2 2H8Zm2-12a2 2 0 0 1 2 2v2h-1.5V2a.5.5 0 0 0-.5-.5H8V0h2Z\" \/>\n\t\t\t<\/svg>\n\t\t<\/button><\/figure>\n<figcaption class=\"blocks-gallery-caption wp-element-caption\">Nuotraukos: Joaqu\u00edn Panzerini<\/figcaption><\/figure>\n\n<div style=\"height:30px\" aria-hidden=\"true\" class=\"wp-block-spacer\"><\/div>\n\n<p class=\"wp-block-paragraph\">Tada Kiko pad\u0117kojo dviem susitikime dalyvavusiems vyskupams ir \u012fvairiems vald\u017eios atstovams ir trumpai pristat\u0117 simfonin\u0119 poem\u0105.<\/p>\n\n<div style=\"height:30px\" aria-hidden=\"true\" class=\"wp-block-spacer\"><\/div>\n\n<h6 class=\"wp-block-heading has-text-align-right\"><strong>Kun. Ezechiele Pasotti<\/strong><\/h6>\n\n<div style=\"height:30px\" aria-hidden=\"true\" class=\"wp-block-spacer\"><\/div>\n\n<figure data-wp-context=\"{&quot;galleryId&quot;:&quot;6a9a7e9f99971&quot;}\" data-wp-interactive=\"core\/gallery\" class=\"wp-block-gallery aligncenter has-nested-images columns-default is-cropped wp-block-gallery-5 is-layout-flex wp-block-gallery-is-layout-flex\">\n<figure data-wp-context=\"{&quot;imageId&quot;:&quot;6a9a7e9f99efa&quot;}\" data-wp-interactive=\"core\/image\" data-wp-key=\"6a9a7e9f99efa\" class=\"wp-block-image size-large wp-lightbox-container\"><img loading=\"lazy\" decoding=\"async\" width=\"1024\" height=\"768\" data-wp-class--hide=\"state.isContentHidden\" data-wp-class--show=\"state.isContentVisible\" data-wp-init=\"callbacks.setButtonStyles\" data-wp-on--click=\"actions.showLightbox\" data-wp-on--load=\"callbacks.setButtonStyles\" data-wp-on--pointerdown=\"actions.preloadImage\" data-wp-on--pointerenter=\"actions.preloadImageWithDelay\" data-wp-on--pointerleave=\"actions.cancelPreload\" data-wp-on-window--resize=\"callbacks.setButtonStyles\" data-id=\"50245\" src=\"https:\/\/neocatechumenaleiter.org\/wp-content\/uploads\/2026\/06\/camino-neocatecumenal-obra-sinfonica-kiko-arguello-macerata-2026-21jun-joaquin-panzerini-06-1024x768.jpg\" alt=\"Kiko Arg\u00fcello simfonin\u0117 opera bus atlikta \u201eSferisterio\u201c arenoje Ma\u010deratoje 2026 m. bir\u017eelio 21 d.\" class=\"wp-image-50245\" srcset=\"https:\/\/neocatechumenaleiter.org\/wp-content\/uploads\/2026\/06\/camino-neocatecumenal-obra-sinfonica-kiko-arguello-macerata-2026-21jun-joaquin-panzerini-06-1024x768.jpg 1024w, https:\/\/neocatechumenaleiter.org\/wp-content\/uploads\/2026\/06\/camino-neocatecumenal-obra-sinfonica-kiko-arguello-macerata-2026-21jun-joaquin-panzerini-06-300x225.jpg 300w, https:\/\/neocatechumenaleiter.org\/wp-content\/uploads\/2026\/06\/camino-neocatecumenal-obra-sinfonica-kiko-arguello-macerata-2026-21jun-joaquin-panzerini-06-768x576.jpg 768w, https:\/\/neocatechumenaleiter.org\/wp-content\/uploads\/2026\/06\/camino-neocatecumenal-obra-sinfonica-kiko-arguello-macerata-2026-21jun-joaquin-panzerini-06-1536x1152.jpg 1536w, https:\/\/neocatechumenaleiter.org\/wp-content\/uploads\/2026\/06\/camino-neocatecumenal-obra-sinfonica-kiko-arguello-macerata-2026-21jun-joaquin-panzerini-06.jpg 2000w\" sizes=\"auto, (max-width: 1024px) 100vw, 1024px\" \/><button\n\t\t\tclass=\"lightbox-trigger\"\n\t\t\ttype=\"button\"\n\t\t\taria-haspopup=\"dialog\"\n\t\t\tdata-wp-bind--aria-label=\"state.thisImage.triggerButtonAriaLabel\"\n\t\t\tdata-wp-init=\"callbacks.initTriggerButton\"\n\t\t\tdata-wp-on--click=\"actions.showLightbox\"\n\t\t\tdata-wp-style--right=\"state.thisImage.buttonRight\"\n\t\t\tdata-wp-style--top=\"state.thisImage.buttonTop\"\n\t\t>\n\t\t\t<svg xmlns=\"http:\/\/www.w3.org\/2000\/svg\" width=\"12\" height=\"12\" fill=\"none\" viewBox=\"0 0 12 12\">\n\t\t\t\t<path fill=\"#fff\" d=\"M2 0a2 2 0 0 0-2 2v2h1.5V2a.5.5 0 0 1 .5-.5h2V0H2Zm2 10.5H2a.5.5 0 0 1-.5-.5V8H0v2a2 2 0 0 0 2 2h2v-1.5ZM8 12v-1.5h2a.5.5 0 0 0 .5-.5V8H12v2a2 2 0 0 1-2 2H8Zm2-12a2 2 0 0 1 2 2v2h-1.5V2a.5.5 0 0 0-.5-.5H8V0h2Z\" \/>\n\t\t\t<\/svg>\n\t\t<\/button><\/figure>\n\n\n\n<figure data-wp-context=\"{&quot;imageId&quot;:&quot;6a9a7e9f9a540&quot;}\" data-wp-interactive=\"core\/image\" data-wp-key=\"6a9a7e9f9a540\" class=\"wp-block-image size-large wp-lightbox-container\"><img loading=\"lazy\" decoding=\"async\" width=\"1024\" height=\"768\" data-wp-class--hide=\"state.isContentHidden\" data-wp-class--show=\"state.isContentVisible\" data-wp-init=\"callbacks.setButtonStyles\" data-wp-on--click=\"actions.showLightbox\" data-wp-on--load=\"callbacks.setButtonStyles\" data-wp-on--pointerdown=\"actions.preloadImage\" data-wp-on--pointerenter=\"actions.preloadImageWithDelay\" data-wp-on--pointerleave=\"actions.cancelPreload\" data-wp-on-window--resize=\"callbacks.setButtonStyles\" data-id=\"50250\" src=\"https:\/\/neocatechumenaleiter.org\/wp-content\/uploads\/2026\/06\/camino-neocatecumenal-obra-sinfonica-kiko-arguello-macerata-2026-21jun-joaquin-panzerini-11-1024x768.jpg\" alt=\"Kiko Arg\u00fcello simfonin\u0117 opera bus atlikta \u201eSferisterio\u201c arenoje Ma\u010deratoje 2026 m. bir\u017eelio 21 d.\" class=\"wp-image-50250\" srcset=\"https:\/\/neocatechumenaleiter.org\/wp-content\/uploads\/2026\/06\/camino-neocatecumenal-obra-sinfonica-kiko-arguello-macerata-2026-21jun-joaquin-panzerini-11-1024x768.jpg 1024w, https:\/\/neocatechumenaleiter.org\/wp-content\/uploads\/2026\/06\/camino-neocatecumenal-obra-sinfonica-kiko-arguello-macerata-2026-21jun-joaquin-panzerini-11-300x225.jpg 300w, https:\/\/neocatechumenaleiter.org\/wp-content\/uploads\/2026\/06\/camino-neocatecumenal-obra-sinfonica-kiko-arguello-macerata-2026-21jun-joaquin-panzerini-11-768x576.jpg 768w, https:\/\/neocatechumenaleiter.org\/wp-content\/uploads\/2026\/06\/camino-neocatecumenal-obra-sinfonica-kiko-arguello-macerata-2026-21jun-joaquin-panzerini-11-1536x1152.jpg 1536w, https:\/\/neocatechumenaleiter.org\/wp-content\/uploads\/2026\/06\/camino-neocatecumenal-obra-sinfonica-kiko-arguello-macerata-2026-21jun-joaquin-panzerini-11.jpg 2000w\" sizes=\"auto, (max-width: 1024px) 100vw, 1024px\" \/><button\n\t\t\tclass=\"lightbox-trigger\"\n\t\t\ttype=\"button\"\n\t\t\taria-haspopup=\"dialog\"\n\t\t\tdata-wp-bind--aria-label=\"state.thisImage.triggerButtonAriaLabel\"\n\t\t\tdata-wp-init=\"callbacks.initTriggerButton\"\n\t\t\tdata-wp-on--click=\"actions.showLightbox\"\n\t\t\tdata-wp-style--right=\"state.thisImage.buttonRight\"\n\t\t\tdata-wp-style--top=\"state.thisImage.buttonTop\"\n\t\t>\n\t\t\t<svg xmlns=\"http:\/\/www.w3.org\/2000\/svg\" width=\"12\" height=\"12\" fill=\"none\" viewBox=\"0 0 12 12\">\n\t\t\t\t<path fill=\"#fff\" d=\"M2 0a2 2 0 0 0-2 2v2h1.5V2a.5.5 0 0 1 .5-.5h2V0H2Zm2 10.5H2a.5.5 0 0 1-.5-.5V8H0v2a2 2 0 0 0 2 2h2v-1.5ZM8 12v-1.5h2a.5.5 0 0 0 .5-.5V8H12v2a2 2 0 0 1-2 2H8Zm2-12a2 2 0 0 1 2 2v2h-1.5V2a.5.5 0 0 0-.5-.5H8V0h2Z\" \/>\n\t\t\t<\/svg>\n\t\t<\/button><\/figure>\n\n\n\n<figure data-wp-context=\"{&quot;imageId&quot;:&quot;6a9a7e9f9a905&quot;}\" data-wp-interactive=\"core\/image\" data-wp-key=\"6a9a7e9f9a905\" class=\"wp-block-image size-large wp-lightbox-container\"><img loading=\"lazy\" decoding=\"async\" width=\"1024\" height=\"685\" data-wp-class--hide=\"state.isContentHidden\" data-wp-class--show=\"state.isContentVisible\" data-wp-init=\"callbacks.setButtonStyles\" data-wp-on--click=\"actions.showLightbox\" data-wp-on--load=\"callbacks.setButtonStyles\" data-wp-on--pointerdown=\"actions.preloadImage\" data-wp-on--pointerenter=\"actions.preloadImageWithDelay\" data-wp-on--pointerleave=\"actions.cancelPreload\" data-wp-on-window--resize=\"callbacks.setButtonStyles\" data-id=\"50249\" src=\"https:\/\/neocatechumenaleiter.org\/wp-content\/uploads\/2026\/06\/camino-neocatecumenal-obra-sinfonica-kiko-arguello-macerata-2026-21jun-joaquin-panzerini-10-1024x685.jpg\" alt=\"Kiko Arg\u00fcello simfonin\u0117 opera bus atlikta \u201eSferisterio\u201c arenoje Ma\u010deratoje 2026 m. bir\u017eelio 21 d.\" class=\"wp-image-50249\" srcset=\"https:\/\/neocatechumenaleiter.org\/wp-content\/uploads\/2026\/06\/camino-neocatecumenal-obra-sinfonica-kiko-arguello-macerata-2026-21jun-joaquin-panzerini-10-1024x685.jpg 1024w, https:\/\/neocatechumenaleiter.org\/wp-content\/uploads\/2026\/06\/camino-neocatecumenal-obra-sinfonica-kiko-arguello-macerata-2026-21jun-joaquin-panzerini-10-300x201.jpg 300w, https:\/\/neocatechumenaleiter.org\/wp-content\/uploads\/2026\/06\/camino-neocatecumenal-obra-sinfonica-kiko-arguello-macerata-2026-21jun-joaquin-panzerini-10-768x513.jpg 768w, https:\/\/neocatechumenaleiter.org\/wp-content\/uploads\/2026\/06\/camino-neocatecumenal-obra-sinfonica-kiko-arguello-macerata-2026-21jun-joaquin-panzerini-10-1536x1027.jpg 1536w, https:\/\/neocatechumenaleiter.org\/wp-content\/uploads\/2026\/06\/camino-neocatecumenal-obra-sinfonica-kiko-arguello-macerata-2026-21jun-joaquin-panzerini-10.jpg 2000w\" sizes=\"auto, (max-width: 1024px) 100vw, 1024px\" \/><button\n\t\t\tclass=\"lightbox-trigger\"\n\t\t\ttype=\"button\"\n\t\t\taria-haspopup=\"dialog\"\n\t\t\tdata-wp-bind--aria-label=\"state.thisImage.triggerButtonAriaLabel\"\n\t\t\tdata-wp-init=\"callbacks.initTriggerButton\"\n\t\t\tdata-wp-on--click=\"actions.showLightbox\"\n\t\t\tdata-wp-style--right=\"state.thisImage.buttonRight\"\n\t\t\tdata-wp-style--top=\"state.thisImage.buttonTop\"\n\t\t>\n\t\t\t<svg xmlns=\"http:\/\/www.w3.org\/2000\/svg\" width=\"12\" height=\"12\" fill=\"none\" viewBox=\"0 0 12 12\">\n\t\t\t\t<path fill=\"#fff\" d=\"M2 0a2 2 0 0 0-2 2v2h1.5V2a.5.5 0 0 1 .5-.5h2V0H2Zm2 10.5H2a.5.5 0 0 1-.5-.5V8H0v2a2 2 0 0 0 2 2h2v-1.5ZM8 12v-1.5h2a.5.5 0 0 0 .5-.5V8H12v2a2 2 0 0 1-2 2H8Zm2-12a2 2 0 0 1 2 2v2h-1.5V2a.5.5 0 0 0-.5-.5H8V0h2Z\" \/>\n\t\t\t<\/svg>\n\t\t<\/button><\/figure>\n\n\n\n<figure data-wp-context=\"{&quot;imageId&quot;:&quot;6a9a7e9f9b0c4&quot;}\" data-wp-interactive=\"core\/image\" data-wp-key=\"6a9a7e9f9b0c4\" class=\"wp-block-image size-large wp-lightbox-container\"><img loading=\"lazy\" decoding=\"async\" width=\"1024\" height=\"768\" data-wp-class--hide=\"state.isContentHidden\" data-wp-class--show=\"state.isContentVisible\" data-wp-init=\"callbacks.setButtonStyles\" data-wp-on--click=\"actions.showLightbox\" data-wp-on--load=\"callbacks.setButtonStyles\" data-wp-on--pointerdown=\"actions.preloadImage\" data-wp-on--pointerenter=\"actions.preloadImageWithDelay\" data-wp-on--pointerleave=\"actions.cancelPreload\" data-wp-on-window--resize=\"callbacks.setButtonStyles\" data-id=\"50244\" src=\"https:\/\/neocatechumenaleiter.org\/wp-content\/uploads\/2026\/06\/camino-neocatecumenal-obra-sinfonica-kiko-arguello-macerata-2026-21jun-joaquin-panzerini-05-1024x768.jpg\" alt=\"Kiko Arg\u00fcello simfonin\u0117 opera bus atlikta \u201eSferisterio\u201c arenoje Ma\u010deratoje 2026 m. bir\u017eelio 21 d.\" class=\"wp-image-50244\" srcset=\"https:\/\/neocatechumenaleiter.org\/wp-content\/uploads\/2026\/06\/camino-neocatecumenal-obra-sinfonica-kiko-arguello-macerata-2026-21jun-joaquin-panzerini-05-1024x768.jpg 1024w, https:\/\/neocatechumenaleiter.org\/wp-content\/uploads\/2026\/06\/camino-neocatecumenal-obra-sinfonica-kiko-arguello-macerata-2026-21jun-joaquin-panzerini-05-300x225.jpg 300w, https:\/\/neocatechumenaleiter.org\/wp-content\/uploads\/2026\/06\/camino-neocatecumenal-obra-sinfonica-kiko-arguello-macerata-2026-21jun-joaquin-panzerini-05-768x576.jpg 768w, https:\/\/neocatechumenaleiter.org\/wp-content\/uploads\/2026\/06\/camino-neocatecumenal-obra-sinfonica-kiko-arguello-macerata-2026-21jun-joaquin-panzerini-05-1536x1152.jpg 1536w, https:\/\/neocatechumenaleiter.org\/wp-content\/uploads\/2026\/06\/camino-neocatecumenal-obra-sinfonica-kiko-arguello-macerata-2026-21jun-joaquin-panzerini-05.jpg 2000w\" sizes=\"auto, (max-width: 1024px) 100vw, 1024px\" \/><button\n\t\t\tclass=\"lightbox-trigger\"\n\t\t\ttype=\"button\"\n\t\t\taria-haspopup=\"dialog\"\n\t\t\tdata-wp-bind--aria-label=\"state.thisImage.triggerButtonAriaLabel\"\n\t\t\tdata-wp-init=\"callbacks.initTriggerButton\"\n\t\t\tdata-wp-on--click=\"actions.showLightbox\"\n\t\t\tdata-wp-style--right=\"state.thisImage.buttonRight\"\n\t\t\tdata-wp-style--top=\"state.thisImage.buttonTop\"\n\t\t>\n\t\t\t<svg xmlns=\"http:\/\/www.w3.org\/2000\/svg\" width=\"12\" height=\"12\" fill=\"none\" viewBox=\"0 0 12 12\">\n\t\t\t\t<path fill=\"#fff\" d=\"M2 0a2 2 0 0 0-2 2v2h1.5V2a.5.5 0 0 1 .5-.5h2V0H2Zm2 10.5H2a.5.5 0 0 1-.5-.5V8H0v2a2 2 0 0 0 2 2h2v-1.5ZM8 12v-1.5h2a.5.5 0 0 0 .5-.5V8H12v2a2 2 0 0 1-2 2H8Zm2-12a2 2 0 0 1 2 2v2h-1.5V2a.5.5 0 0 0-.5-.5H8V0h2Z\" \/>\n\t\t\t<\/svg>\n\t\t<\/button><\/figure>\n\n\n\n<figure data-wp-context=\"{&quot;imageId&quot;:&quot;6a9a7e9f9b808&quot;}\" data-wp-interactive=\"core\/image\" data-wp-key=\"6a9a7e9f9b808\" class=\"wp-block-image size-large wp-lightbox-container\"><img loading=\"lazy\" decoding=\"async\" width=\"1024\" height=\"768\" data-wp-class--hide=\"state.isContentHidden\" data-wp-class--show=\"state.isContentVisible\" data-wp-init=\"callbacks.setButtonStyles\" data-wp-on--click=\"actions.showLightbox\" data-wp-on--load=\"callbacks.setButtonStyles\" data-wp-on--pointerdown=\"actions.preloadImage\" data-wp-on--pointerenter=\"actions.preloadImageWithDelay\" data-wp-on--pointerleave=\"actions.cancelPreload\" data-wp-on-window--resize=\"callbacks.setButtonStyles\" data-id=\"50246\" src=\"https:\/\/neocatechumenaleiter.org\/wp-content\/uploads\/2026\/06\/camino-neocatecumenal-obra-sinfonica-kiko-arguello-macerata-2026-21jun-joaquin-panzerini-07-1024x768.jpg\" alt=\"Kiko Arg\u00fcello simfonin\u0117 opera bus atlikta \u201eSferisterio\u201c arenoje Ma\u010deratoje 2026 m. bir\u017eelio 21 d.\" class=\"wp-image-50246\" srcset=\"https:\/\/neocatechumenaleiter.org\/wp-content\/uploads\/2026\/06\/camino-neocatecumenal-obra-sinfonica-kiko-arguello-macerata-2026-21jun-joaquin-panzerini-07-1024x768.jpg 1024w, https:\/\/neocatechumenaleiter.org\/wp-content\/uploads\/2026\/06\/camino-neocatecumenal-obra-sinfonica-kiko-arguello-macerata-2026-21jun-joaquin-panzerini-07-300x225.jpg 300w, https:\/\/neocatechumenaleiter.org\/wp-content\/uploads\/2026\/06\/camino-neocatecumenal-obra-sinfonica-kiko-arguello-macerata-2026-21jun-joaquin-panzerini-07-768x576.jpg 768w, https:\/\/neocatechumenaleiter.org\/wp-content\/uploads\/2026\/06\/camino-neocatecumenal-obra-sinfonica-kiko-arguello-macerata-2026-21jun-joaquin-panzerini-07-1536x1152.jpg 1536w, https:\/\/neocatechumenaleiter.org\/wp-content\/uploads\/2026\/06\/camino-neocatecumenal-obra-sinfonica-kiko-arguello-macerata-2026-21jun-joaquin-panzerini-07.jpg 2000w\" sizes=\"auto, (max-width: 1024px) 100vw, 1024px\" \/><button\n\t\t\tclass=\"lightbox-trigger\"\n\t\t\ttype=\"button\"\n\t\t\taria-haspopup=\"dialog\"\n\t\t\tdata-wp-bind--aria-label=\"state.thisImage.triggerButtonAriaLabel\"\n\t\t\tdata-wp-init=\"callbacks.initTriggerButton\"\n\t\t\tdata-wp-on--click=\"actions.showLightbox\"\n\t\t\tdata-wp-style--right=\"state.thisImage.buttonRight\"\n\t\t\tdata-wp-style--top=\"state.thisImage.buttonTop\"\n\t\t>\n\t\t\t<svg xmlns=\"http:\/\/www.w3.org\/2000\/svg\" width=\"12\" height=\"12\" fill=\"none\" viewBox=\"0 0 12 12\">\n\t\t\t\t<path fill=\"#fff\" d=\"M2 0a2 2 0 0 0-2 2v2h1.5V2a.5.5 0 0 1 .5-.5h2V0H2Zm2 10.5H2a.5.5 0 0 1-.5-.5V8H0v2a2 2 0 0 0 2 2h2v-1.5ZM8 12v-1.5h2a.5.5 0 0 0 .5-.5V8H12v2a2 2 0 0 1-2 2H8Zm2-12a2 2 0 0 1 2 2v2h-1.5V2a.5.5 0 0 0-.5-.5H8V0h2Z\" \/>\n\t\t\t<\/svg>\n\t\t<\/button><\/figure>\n<figcaption class=\"blocks-gallery-caption wp-element-caption\">Nuotraukos: Joaqu\u00edn Panzerini<\/figcaption><\/figure>\n<div class=\"wp-block-image\">\n<figure data-wp-context=\"{&quot;imageId&quot;:&quot;6a9a7e9f9c4ce&quot;}\" data-wp-interactive=\"core\/image\" data-wp-key=\"6a9a7e9f9c4ce\" class=\"aligncenter size-large wp-lightbox-container\"><img loading=\"lazy\" decoding=\"async\" width=\"1024\" height=\"768\" data-wp-class--hide=\"state.isContentHidden\" data-wp-class--show=\"state.isContentVisible\" data-wp-init=\"callbacks.setButtonStyles\" data-wp-on--click=\"actions.showLightbox\" data-wp-on--load=\"callbacks.setButtonStyles\" data-wp-on--pointerdown=\"actions.preloadImage\" data-wp-on--pointerenter=\"actions.preloadImageWithDelay\" data-wp-on--pointerleave=\"actions.cancelPreload\" data-wp-on-window--resize=\"callbacks.setButtonStyles\" src=\"https:\/\/neocatechumenaleiter.org\/wp-content\/uploads\/2026\/06\/camino-neocatecumenal-obra-sinfonica-kiko-arguello-macerata-2026-21jun-joaquin-panzerini-16-1024x768.jpg\" alt=\"Kiko Arg\u00fcello simfonin\u0117 opera bus atlikta \u201eSferisterio\u201c arenoje Ma\u010deratoje 2026 m. bir\u017eelio 21 d.\" class=\"wp-image-50255\" srcset=\"https:\/\/neocatechumenaleiter.org\/wp-content\/uploads\/2026\/06\/camino-neocatecumenal-obra-sinfonica-kiko-arguello-macerata-2026-21jun-joaquin-panzerini-16-1024x768.jpg 1024w, https:\/\/neocatechumenaleiter.org\/wp-content\/uploads\/2026\/06\/camino-neocatecumenal-obra-sinfonica-kiko-arguello-macerata-2026-21jun-joaquin-panzerini-16-300x225.jpg 300w, https:\/\/neocatechumenaleiter.org\/wp-content\/uploads\/2026\/06\/camino-neocatecumenal-obra-sinfonica-kiko-arguello-macerata-2026-21jun-joaquin-panzerini-16-768x576.jpg 768w, https:\/\/neocatechumenaleiter.org\/wp-content\/uploads\/2026\/06\/camino-neocatecumenal-obra-sinfonica-kiko-arguello-macerata-2026-21jun-joaquin-panzerini-16-1536x1152.jpg 1536w, https:\/\/neocatechumenaleiter.org\/wp-content\/uploads\/2026\/06\/camino-neocatecumenal-obra-sinfonica-kiko-arguello-macerata-2026-21jun-joaquin-panzerini-16.jpg 2000w\" sizes=\"auto, (max-width: 1024px) 100vw, 1024px\" \/><button\n\t\t\tclass=\"lightbox-trigger\"\n\t\t\ttype=\"button\"\n\t\t\taria-haspopup=\"dialog\"\n\t\t\tdata-wp-bind--aria-label=\"state.thisImage.triggerButtonAriaLabel\"\n\t\t\tdata-wp-init=\"callbacks.initTriggerButton\"\n\t\t\tdata-wp-on--click=\"actions.showLightbox\"\n\t\t\tdata-wp-style--right=\"state.thisImage.buttonRight\"\n\t\t\tdata-wp-style--top=\"state.thisImage.buttonTop\"\n\t\t>\n\t\t\t<svg xmlns=\"http:\/\/www.w3.org\/2000\/svg\" width=\"12\" height=\"12\" fill=\"none\" viewBox=\"0 0 12 12\">\n\t\t\t\t<path fill=\"#fff\" d=\"M2 0a2 2 0 0 0-2 2v2h1.5V2a.5.5 0 0 1 .5-.5h2V0H2Zm2 10.5H2a.5.5 0 0 1-.5-.5V8H0v2a2 2 0 0 0 2 2h2v-1.5ZM8 12v-1.5h2a.5.5 0 0 0 .5-.5V8H12v2a2 2 0 0 1-2 2H8Zm2-12a2 2 0 0 1 2 2v2h-1.5V2a.5.5 0 0 0-.5-.5H8V0h2Z\" \/>\n\t\t\t<\/svg>\n\t\t<\/button><\/figure>\n<\/div>\n<div style=\"height:100px\" aria-hidden=\"true\" class=\"wp-block-spacer\"><\/div>\n\n<hr class=\"wp-block-separator has-alpha-channel-opacity\" \/>\n\n<div style=\"height:60px\" aria-hidden=\"true\" class=\"wp-block-spacer\"><\/div>\n<div class=\"wp-block-image\">\n<figure class=\"aligncenter size-full\"><a href=\"https:\/\/www.vaticannews.va\/it\/chiesa\/news\/2026-06\/sinfonia-kiko-arguello-cammino-neocatecumenale-loreto.html\" target=\"_blank\" rel=\" noreferrer noopener\"><img loading=\"lazy\" decoding=\"async\" width=\"424\" height=\"161\" src=\"https:\/\/neocatechumenaleiter.org\/wp-content\/uploads\/2026\/01\/camino-neocatecumenal-vatican-news-icon.jpg\" alt=\"Neokatechumenato kelio Vatican News ikona\" class=\"wp-image-46813\" srcset=\"https:\/\/neocatechumenaleiter.org\/wp-content\/uploads\/2026\/01\/camino-neocatecumenal-vatican-news-icon.jpg 424w, https:\/\/neocatechumenaleiter.org\/wp-content\/uploads\/2026\/01\/camino-neocatecumenal-vatican-news-icon-300x114.jpg 300w\" sizes=\"auto, (max-width: 424px) 100vw, 424px\" \/><\/a><figcaption class=\"wp-element-caption\">Kiko Arg\u00fcello simfoniniai k\u016briniai Lorete \u2013 Debora Donnini<\/figcaption><\/figure>\n<\/div>\n<div style=\"height:100px\" aria-hidden=\"true\" class=\"wp-block-spacer\"><\/div>\n","protected":false},"excerpt":{"rendered":"<p>Joaqu\u00edn Panzerini nuotrauk\u0173 galerija \u012esp\u016bdingoje Loreto aik\u0161t\u0117s prie\u0161ais \u0160vent\u0173j\u0173 Nam\u0173 bazilik\u0105 aplinkoje, 2026 m. bir\u017eelio 19 d., penktadienio vakar\u0105, saulei leid\u017eiantis, \u012fvyko i\u0161skirtinis, daugiaprasmis \u012fvykis, kur\u012f sustiprino dirigento gestas, kuris, prad\u0117damas paskutinio k\u016brinio, skirto Marijai, \u201ebisal\u0105\u201c, pak\u0117l\u0117 rank\u0105 \u012f dang\u0173, tarsi nor\u0117damas j\u0105 atverti, kad \u010dia b\u016bt\u0173 \u0160ven\u010diausioji Mergel\u0117. Dalyvaujant Kiko Arg\u00fcello (kuris, \u012f\u017eeng\u0119s \u012f aik\u0161t\u0119, buvo sutiktas su didele meile ir plojimais), kunigui Mario Pezzi ir Ascensi\u00f3nui Romero, tarptautinei<\/p>\n<div class=\"read-more\"><a class=\"btn read-more-btn\" href=\"https:\/\/neocatechumenaleiter.org\/lt\/kiko-arguello-loreto-mergele-ir-nekaltuju-simfonija\/\">Skaityti vis\u0105<\/a><\/div>\n","protected":false},"author":2,"featured_media":0,"comment_status":"closed","ping_status":"closed","sticky":false,"template":"","format":"standard","meta":{"footnotes":""},"categories":[1223,1890,1365,1141,1891],"tags":[],"class_list":["post-51103","post","type-post","status-publish","format-standard","hentry","category-evangelizacija-lt","category-koncertai","category-naujienos","category-pranesimai","category-simfonine-svente"],"_links":{"self":[{"href":"https:\/\/neocatechumenaleiter.org\/lt\/wp-json\/wp\/v2\/posts\/51103","targetHints":{"allow":["GET"]}}],"collection":[{"href":"https:\/\/neocatechumenaleiter.org\/lt\/wp-json\/wp\/v2\/posts"}],"about":[{"href":"https:\/\/neocatechumenaleiter.org\/lt\/wp-json\/wp\/v2\/types\/post"}],"author":[{"embeddable":true,"href":"https:\/\/neocatechumenaleiter.org\/lt\/wp-json\/wp\/v2\/users\/2"}],"replies":[{"embeddable":true,"href":"https:\/\/neocatechumenaleiter.org\/lt\/wp-json\/wp\/v2\/comments?post=51103"}],"version-history":[{"count":1,"href":"https:\/\/neocatechumenaleiter.org\/lt\/wp-json\/wp\/v2\/posts\/51103\/revisions"}],"predecessor-version":[{"id":51104,"href":"https:\/\/neocatechumenaleiter.org\/lt\/wp-json\/wp\/v2\/posts\/51103\/revisions\/51104"}],"wp:attachment":[{"href":"https:\/\/neocatechumenaleiter.org\/lt\/wp-json\/wp\/v2\/media?parent=51103"}],"wp:term":[{"taxonomy":"category","embeddable":true,"href":"https:\/\/neocatechumenaleiter.org\/lt\/wp-json\/wp\/v2\/categories?post=51103"},{"taxonomy":"post_tag","embeddable":true,"href":"https:\/\/neocatechumenaleiter.org\/lt\/wp-json\/wp\/v2\/tags?post=51103"}],"curies":[{"name":"wp","href":"https:\/\/api.w.org\/{rel}","templated":true}]}}