{"id":40528,"date":"2025-04-21T13:50:35","date_gmt":"2025-04-21T12:50:35","guid":{"rendered":"https:\/\/neocatechumenaleiter.org\/komunikate-nga-ecja-neokatekumenale-per-kalimin-ne-amshim-te-papes-francesku\/"},"modified":"2025-04-21T17:30:03","modified_gmt":"2025-04-21T16:30:03","slug":"komunikate-nga-ecja-neokatekumenale-per-kalimin-ne-amshim-te-papes-francesku","status":"publish","type":"post","link":"https:\/\/neocatechumenaleiter.org\/sq\/komunikate-nga-ecja-neokatekumenale-per-kalimin-ne-amshim-te-papes-francesku\/","title":{"rendered":"Komunikat\u00eb nga Ecja Neokatekumenale p\u00ebr kalimin n\u00eb amshim t\u00eb Pap\u00ebs Fran\u00e7esku"},"content":{"rendered":"\n<div style=\"height:30px\" aria-hidden=\"true\" class=\"wp-block-spacer\"><\/div>\n<div class=\"wp-block-image\">\n<figure class=\"aligncenter size-large\"><img loading=\"lazy\" decoding=\"async\" width=\"720\" height=\"1024\" src=\"https:\/\/neocatechumenaleiter.org\/wp-content\/uploads\/2025\/04\/camino-neocatecumenal-audiencia-papa-francisco-kiko-arguello-envio-missio-ad-gentes-aula-pablo-vi-1-febrero-2014-720x1024.jpg\" alt=\"\" class=\"wp-image-40438\" srcset=\"https:\/\/neocatechumenaleiter.org\/wp-content\/uploads\/2025\/04\/camino-neocatecumenal-audiencia-papa-francisco-kiko-arguello-envio-missio-ad-gentes-aula-pablo-vi-1-febrero-2014-720x1024.jpg 720w, https:\/\/neocatechumenaleiter.org\/wp-content\/uploads\/2025\/04\/camino-neocatecumenal-audiencia-papa-francisco-kiko-arguello-envio-missio-ad-gentes-aula-pablo-vi-1-febrero-2014-211x300.jpg 211w, https:\/\/neocatechumenaleiter.org\/wp-content\/uploads\/2025\/04\/camino-neocatecumenal-audiencia-papa-francisco-kiko-arguello-envio-missio-ad-gentes-aula-pablo-vi-1-febrero-2014-768x1092.jpg 768w, https:\/\/neocatechumenaleiter.org\/wp-content\/uploads\/2025\/04\/camino-neocatecumenal-audiencia-papa-francisco-kiko-arguello-envio-missio-ad-gentes-aula-pablo-vi-1-febrero-2014.jpg 900w\" sizes=\"auto, (max-width: 720px) 100vw, 720px\" \/><figcaption class=\"wp-element-caption\"><em>D\u00ebrgimi i Missio ad gentes 1 Shkurt 2014<\/em><\/figcaption><\/figure><\/div>\n<div style=\"height:30px\" aria-hidden=\"true\" class=\"wp-block-spacer\"><\/div>\n\n<hr class=\"wp-block-separator has-alpha-channel-opacity is-style-wide\"\/>\n\n<div style=\"height:30px\" aria-hidden=\"true\" class=\"wp-block-spacer\"><\/div>\n<div class=\"wp-block-image\">\n<figure class=\"aligncenter size-full\"><img loading=\"lazy\" decoding=\"async\" width=\"128\" height=\"124\" src=\"https:\/\/neocatechumenaleiter.org\/wp-content\/uploads\/2025\/04\/camino-neocatecumenal-logo-nova-evangelizatio-latin.png\" alt=\"\" class=\"wp-image-40495\"\/><\/figure><\/div>\n<div style=\"height:50px\" aria-hidden=\"true\" class=\"wp-block-spacer\"><\/div>\n\n<h6 class=\"wp-block-heading has-text-align-right\">21 prill 2025<\/h6>\n\n<div style=\"height:30px\" aria-hidden=\"true\" class=\"wp-block-spacer\"><\/div>\n\n<p>Kiko, Padre Mario dhe Ascension, Nismetar\u00ebt e Ecjes Neokatekumenale, dhe t\u00eb gjith\u00eb V\u00ebllez\u00ebrit e Ecjes e kan\u00eb marr\u00eb me dhimbje lajmin p\u00ebr kalimin n\u00eb amshim t\u00eb Atit t\u00eb Shenjt\u00eb, Pap\u00ebs son\u00eb Fran\u00e7esku.<\/p>\n\n<p><strong data-start=\"78\" data-end=\"176\">Dje, n\u00eb mesazhin e tij t\u00eb Pashk\u00ebve <em data-start=\"115\" data-end=\"129\">Urbi et Orbi<\/em>, na dha d\u00ebshmin\u00eb e tij t\u00eb fundit t\u00eb besimit:<\/strong><br data-start=\"176\" data-end=\"179\"\/>\u201cT\u00eb dashur v\u00ebllez\u00ebr dhe motra, n\u00eb Pashk\u00ebt e Zotit, jeta dhe vdekja jan\u00eb p\u00ebrballur n\u00eb nj\u00eb duel t\u00eb mrekulluesh\u00ebm, por Zoti tani jeton p\u00ebrgjithmon\u00eb dhe na jep sigurin\u00eb se edhe ne jemi t\u00eb thirrur t\u00eb marrim pjes\u00eb n\u00eb jet\u00ebn q\u00eb nuk njeh per\u00ebndim, ku nuk do t\u00eb d\u00ebgjohen m\u00eb ushtima arm\u00ebsh dhe jehona vdekjeje. T\u2019i besojm\u00eb Atij q\u00eb \u00ebsht\u00eb i vet\u00ebm q\u00eb mund t\u00eb b\u00ebj\u00eb t\u00eb gjitha gjerat t\u00eb reja.\u201d<\/p>\n\n<p>I jemi mir\u00ebnjoh\u00ebs Zotit q\u00eb na ka dhuruar nj\u00eb Bari plot me zell, i cili e ka sjell Ungjillin deri n\u00eb skajet m\u00eb t\u00eb larg\u00ebta t\u00eb Kish\u00ebs, duke u dhuruar vetvetem p\u00ebr t\u00eb treguar t\u00eb gjith\u00ebve af\u00ebrsin\u00eb dhe dashurin\u00eb e Zotit, ve\u00e7an\u00ebrisht ndaj m\u00eb t\u00eb varf\u00ebrve dhe t\u00eb braktisurve n\u00eb trup e n\u00eb shpirt.<br\/>E ruajm\u00eb n\u00eb zemrat tona me mir\u00ebnjohje d\u00ebshmin\u00eb e dhurimit t\u00eb tij t\u00eb plot\u00eb p\u00ebr t\u00eb d\u00ebshmuar dashurin\u00eb e Zotit p\u00ebr \u00e7do krijes\u00eb.<\/p>\n\n<p>Ecja Neokatekumenale, q\u00eb nga fillimi i Pontifikatit t\u00eb tij n\u00eb vitin 2013, \u00ebsht\u00eb ndier e mb\u00ebshtetur dhe e p\u00ebrkrahur nga Papa Fran\u00e7esku: n\u00eb takimet e ndryshme q\u00eb kemi pasur me T\u00eb gjat\u00eb k\u00ebtyre viteve, na ka treguar gjithmon\u00eb af\u00ebrsin\u00eb e tij si <em data-start=\"1191\" data-end=\"1198\">Padre<\/em> dhe ne e kemi dashur shum\u00eb. N\u00eb m\u00ebnyr\u00eb t\u00eb ve\u00e7ant\u00eb, duan t\u00eb kujtojm\u00eb d\u00ebrgimin n\u00eb mision e shum\u00eb familjeve t\u00eb Ecjes n\u00eb kontinente t\u00eb ndryshme dhe fjal\u00ebt e Tij me rastin e 50-vjetorit t\u00eb Ecjes Neokatekumenale, m\u00eb 5 maj 2018:<br data-start=\"1425\" data-end=\"1428\"\/>\u201cT\u00eb dashur v\u00ebllez\u00ebr dhe motra, karizma juaj \u00ebsht\u00eb nj\u00eb dhurat\u00eb e madhe e Zotit p\u00ebr Kish\u00ebn e koh\u00ebs son\u00eb. T\u00eb fal\u00ebnderojm\u00eb Zotin p\u00ebr k\u00ebto pes\u00ebdhjet\u00eb vjet\u2026 Ju shoq\u00ebroj dhe ju inkurajoj: ecni p\u00ebrpara!\u201d.<\/p>\n\n<p>I k\u00ebrkojm\u00eb t\u00eb gjith\u00eb v\u00ebllez\u00ebrve t\u00eb Ecjes Neokatekumenale t\u00eb luten p\u00ebr Atin e Shenjt\u00eb. T\u2019i lutemi Zotit q\u00eb ta pranoj\u00eb n\u00eb paqen e Mbret\u00ebris\u00eb s\u00eb Tij.<\/p>\n\n<p>Krishti u ngjall! Me t\u00eb v\u00ebrtet u ngjall!<\/p>\n\n<div style=\"height:30px\" aria-hidden=\"true\" class=\"wp-block-spacer\"><\/div>\n\n<hr class=\"wp-block-separator has-alpha-channel-opacity is-style-wide\"\/>\n\n<div style=\"height:30px\" aria-hidden=\"true\" class=\"wp-block-spacer\"><\/div>\n\n<figure class=\"wp-block-image size-full\"><img loading=\"lazy\" decoding=\"async\" width=\"1920\" height=\"1280\" src=\"https:\/\/neocatechumenaleiter.org\/wp-content\/uploads\/2025\/04\/camino-neocatecumenal-audiencia-papa-francisco-kiko-arguello-mario-pezzi-maria-ascension-19-abril-2018.png\" alt=\"\" class=\"wp-image-40414\" srcset=\"https:\/\/neocatechumenaleiter.org\/wp-content\/uploads\/2025\/04\/camino-neocatecumenal-audiencia-papa-francisco-kiko-arguello-mario-pezzi-maria-ascension-19-abril-2018.png 1920w, https:\/\/neocatechumenaleiter.org\/wp-content\/uploads\/2025\/04\/camino-neocatecumenal-audiencia-papa-francisco-kiko-arguello-mario-pezzi-maria-ascension-19-abril-2018-300x200.png 300w, https:\/\/neocatechumenaleiter.org\/wp-content\/uploads\/2025\/04\/camino-neocatecumenal-audiencia-papa-francisco-kiko-arguello-mario-pezzi-maria-ascension-19-abril-2018-1024x683.png 1024w, https:\/\/neocatechumenaleiter.org\/wp-content\/uploads\/2025\/04\/camino-neocatecumenal-audiencia-papa-francisco-kiko-arguello-mario-pezzi-maria-ascension-19-abril-2018-768x512.png 768w, https:\/\/neocatechumenaleiter.org\/wp-content\/uploads\/2025\/04\/camino-neocatecumenal-audiencia-papa-francisco-kiko-arguello-mario-pezzi-maria-ascension-19-abril-2018-1536x1024.png 1536w\" sizes=\"auto, (max-width: 1920px) 100vw, 1920px\" \/><figcaption class=\"wp-element-caption\">Takim privat i Ekipit Nd\u00ebrkomb\u00ebtar me Papa Fran\u00e7eskun m\u00eb 19 prill 2018<\/figcaption><\/figure>\n<div style=\"height:30px\" aria-hidden=\"true\" class=\"wp-block-spacer\"><\/div>\n<div class=\"wp-block-image\">\n<figure class=\"aligncenter size-full\"><img loading=\"lazy\" decoding=\"async\" width=\"720\" height=\"980\" src=\"https:\/\/neocatechumenaleiter.org\/wp-content\/uploads\/2025\/04\/camino-neocatecumenal-papa-francisco.jpg\" alt=\"\" class=\"wp-image-40530\" srcset=\"https:\/\/neocatechumenaleiter.org\/wp-content\/uploads\/2025\/04\/camino-neocatecumenal-papa-francisco.jpg 720w, https:\/\/neocatechumenaleiter.org\/wp-content\/uploads\/2025\/04\/camino-neocatecumenal-papa-francisco-220x300.jpg 220w\" sizes=\"auto, (max-width: 720px) 100vw, 720px\" \/><\/figure><\/div>\n<div style=\"height:50px\" aria-hidden=\"true\" class=\"wp-block-spacer\"><\/div>\n","protected":false},"excerpt":{"rendered":"<p>21 prill 2025 Kiko, Padre Mario dhe Ascension, Nismetar\u00ebt e Ecjes Neokatekumenale, dhe t\u00eb gjith\u00eb V\u00ebllez\u00ebrit e Ecjes e kan\u00eb marr\u00eb me dhimbje lajmin p\u00ebr kalimin n\u00eb amshim t\u00eb Atit t\u00eb Shenjt\u00eb, Pap\u00ebs son\u00eb Fran\u00e7esku. Dje, n\u00eb mesazhin e tij t\u00eb Pashk\u00ebve Urbi et Orbi, na dha d\u00ebshmin\u00eb e tij t\u00eb fundit t\u00eb besimit:\u201cT\u00eb dashur v\u00ebllez\u00ebr dhe motra, n\u00eb Pashk\u00ebt e Zotit, jeta dhe vdekja jan\u00eb p\u00ebrballur n\u00eb nj\u00eb duel<\/p>\n<div class=\"read-more\"><a class=\"btn read-more-btn\" href=\"https:\/\/neocatechumenaleiter.org\/sq\/komunikate-nga-ecja-neokatekumenale-per-kalimin-ne-amshim-te-papes-francesku\/\">Lexoni m\u00eb shum\u00eb<\/a><\/div>\n","protected":false},"author":2,"featured_media":0,"comment_status":"closed","ping_status":"closed","sticky":false,"template":"","format":"standard","meta":{"footnotes":""},"categories":[1593,1597,1605,1577],"tags":[],"class_list":["post-40528","post","type-post","status-publish","format-standard","hentry","category-komunikime","category-lajme","category-papa-francesku","category-pergjegjesit-nderkombetare"],"_links":{"self":[{"href":"https:\/\/neocatechumenaleiter.org\/sq\/wp-json\/wp\/v2\/posts\/40528","targetHints":{"allow":["GET"]}}],"collection":[{"href":"https:\/\/neocatechumenaleiter.org\/sq\/wp-json\/wp\/v2\/posts"}],"about":[{"href":"https:\/\/neocatechumenaleiter.org\/sq\/wp-json\/wp\/v2\/types\/post"}],"author":[{"embeddable":true,"href":"https:\/\/neocatechumenaleiter.org\/sq\/wp-json\/wp\/v2\/users\/2"}],"replies":[{"embeddable":true,"href":"https:\/\/neocatechumenaleiter.org\/sq\/wp-json\/wp\/v2\/comments?post=40528"}],"version-history":[{"count":2,"href":"https:\/\/neocatechumenaleiter.org\/sq\/wp-json\/wp\/v2\/posts\/40528\/revisions"}],"predecessor-version":[{"id":40559,"href":"https:\/\/neocatechumenaleiter.org\/sq\/wp-json\/wp\/v2\/posts\/40528\/revisions\/40559"}],"wp:attachment":[{"href":"https:\/\/neocatechumenaleiter.org\/sq\/wp-json\/wp\/v2\/media?parent=40528"}],"wp:term":[{"taxonomy":"category","embeddable":true,"href":"https:\/\/neocatechumenaleiter.org\/sq\/wp-json\/wp\/v2\/categories?post=40528"},{"taxonomy":"post_tag","embeddable":true,"href":"https:\/\/neocatechumenaleiter.org\/sq\/wp-json\/wp\/v2\/tags?post=40528"}],"curies":[{"name":"wp","href":"https:\/\/api.w.org\/{rel}","templated":true}]}}